{"id":209,"date":"2022-02-12T11:29:26","date_gmt":"2022-02-12T11:29:26","guid":{"rendered":"https:\/\/stonoga.lublin.pl\/pl\/\/?p=209"},"modified":"2022-02-12T11:29:26","modified_gmt":"2022-02-12T11:29:26","slug":"lateralizacja-coz-to-takiego","status":"publish","type":"post","link":"https:\/\/stonoga.lublin.pl\/pl\/lateralizacja-coz-to-takiego\/","title":{"rendered":"Lateralizacja? C\u00f3\u017c to takiego?"},"content":{"rendered":"<p><strong>Wiele si\u0119 o tym s\u0142yszy wi\u0119c pora zg\u0142\u0119bi\u0107 t\u0119 tajemn\u0105 wiedz\u0119. Lateralizacja to wyb\u00f3r lub preferencja Nas &#8211; ludzi zwi\u0105zana z u\u017cywaniem dominuj\u0105cych cz\u0119\u015bci naszych cia\u0142. Mamy tu na my\u015bli ucho, oko, r\u0119k\u0119 i nog\u0119. Jest to r\u00f3wnie\u017c zwi\u0105zane ze  zwi\u0119kszeniem aktywno\u015bci danej p\u00f3\u0142kuli m\u00f3zgowej. <\/strong><\/p>\n<p>My mo\u017cemy zaobserwowa\u0107 j\u0105 u naszych Pociech np. kt\u00f3ra r\u0119ka lub noga dominuj\u0105. Dlatego tak wa\u017cna jest stymulacja i wykonywanie czynno\u015bci zwi\u0105zanych z samoobs\u0142ug\u0105, \u0107wiczeniami motoryki ma\u0142ej i du\u017cej, bo to wszystko p\u00f3\u017aniej wp\u0142ywa na lateralizacj\u0119. Dzieci nie rodz\u0105 si\u0119 z jasno okre\u015blon\u0105 lateralizacj\u0105. One j\u0105 nabywaj\u0105 z wiekiem, do\u015bwiadczeniami i umiej\u0119tno\u015bciami.<br \/>\nOko\u0142o 4 roku \u017cycia mo\u017cemy ju\u017c zaobserwowa\u0107 pierwsze &#8222;dominacje&#8221;, sygna\u0142y dotycz\u0105ce oka, nogi, r\u0119ki. Z kolei w pierwszej klasie SP powinna si\u0119 ustali\u0107 u dziecka r\u0119ka dominuj\u0105ca.<\/p>\n<p>Przysz\u0142a kolej na konkrety<\/p>\n<h2>Rodzaje lateralizacji:<\/h2>\n<p>Jednorodna &#8211; jest wtedy, kiedy u  naszego dziecka ucho, oko r\u0119ka i noga znajduj\u0105 si\u0119 po jednej stronie. Rozr\u00f3\u017cniamy:<br \/>\nprawostronn\u0105 &#8211; dominuje w niej prawe oko, ucho, r\u0119ka i noga, dominuje lewa p\u00f3\u0142kula m\u00f3zgu!<br \/>\nlewostronn\u0105 &#8211; dominuje lewe oko, ucho, r\u0119ka i noga, dominuje, jak si\u0119 domy\u015blacie, prawa p\u00f3\u0142kula m\u00f3zgu!<br \/>\nNiejednorodna tzw. skrzy\u017cowana czyli zwi\u0105zana jest z tym, \u017ce nie zawsze u dziecka s\u0105 dominuj\u0105ce oko ucho r\u0119ka i noga i znajduj\u0105 si\u0119 po jednej ze stron, a po obydwu stronach. Nasze dziecko mo\u017ce preferowa\u0107 prawe oko, ucho, a lew\u0105 r\u0119k\u0119 i nog\u0119. Albo np. po prawej oko, ucho i r\u0119k\u0119, a lew\u0105 nog\u0119.<\/p>\n<p>Pami\u0119tajcie! Problemy z lateralizacj\u0105 mog\u0105 powodowa\u0107 zaburzenia koordynacji wzrokowo &#8211; ruchowej w obr\u0119bie r\u0119ki i oka. A co za tym idzie, utrudniaj\u0105 dziecku wzrokow\u0105 kontrol\u0119 pracy r\u0119ki.<\/p>\n<p>Nieustalona tzw. s\u0142aba czyli zwi\u0105zana z tym, \u017ce nie ma ustalonej dominacji poszczeg\u00f3lnych narz\u0105d\u00f3w ruchu i zmys\u0142\u00f3w.<br \/>\nPami\u0119tajcie! Czasami obuoczno\u015b\u0107 mo\u017ce powodowa\u0107 problemy w czytaniu. Jest tak, poniewa\u017c zmienia si\u0119 rola wiod\u0105ca oka.<\/p>\n","protected":false},"excerpt":{"rendered":"<p>Wiele si\u0119 o tym s\u0142yszy wi\u0119c pora zg\u0142\u0119bi\u0107 t\u0119 tajemn\u0105 wiedz\u0119. Lateralizacja to wyb\u00f3r lub preferencja Nas &#8211; ludzi zwi\u0105zana z u\u017cywaniem dominuj\u0105cych cz\u0119\u015bci naszych cia\u0142. Mamy tu na my\u015bli ucho, oko, r\u0119k\u0119 i nog\u0119. Jest to r\u00f3wnie\u017c zwi\u0105zane ze zwi\u0119kszeniem aktywno\u015bci danej p\u00f3\u0142kuli m\u00f3zgowej. My mo\u017cemy zaobserwowa\u0107 j\u0105 u naszych Pociech np. kt\u00f3ra r\u0119ka [&hellip;]<\/p>\n","protected":false},"author":1,"featured_media":210,"comment_status":"open","ping_status":"open","sticky":false,"template":"","format":"standard","meta":{"_acf_changed":false,"_et_pb_use_builder":"","_et_pb_old_content":"","_et_gb_content_width":"","footnotes":""},"categories":[7,9],"tags":[],"class_list":["post-209","post","type-post","status-publish","format-standard","has-post-thumbnail","hentry","category-aktualnosci-strona-glowna","category-przedszkola"],"acf":[],"yoast_head":"<!-- This site is optimized with the Yoast SEO plugin v24.6 - https:\/\/yoast.com\/wordpress\/plugins\/seo\/ -->\n<title>Lateralizacja? C\u00f3\u017c to takiego? - Grupa Edukacyjna Stonoga w Lublinie<\/title>\n<meta name=\"robots\" content=\"index, follow, max-snippet:-1, max-image-preview:large, max-video-preview:-1\" \/>\n<link rel=\"canonical\" href=\"https:\/\/stonoga.lublin.pl\/pl\/lateralizacja-coz-to-takiego\/\" \/>\n<meta property=\"og:locale\" content=\"pl_PL\" \/>\n<meta property=\"og:type\" content=\"article\" \/>\n<meta property=\"og:title\" content=\"Lateralizacja? C\u00f3\u017c to takiego? - Grupa Edukacyjna Stonoga w Lublinie\" \/>\n<meta property=\"og:description\" content=\"Wiele si\u0119 o tym s\u0142yszy wi\u0119c pora zg\u0142\u0119bi\u0107 t\u0119 tajemn\u0105 wiedz\u0119. Lateralizacja to wyb\u00f3r lub preferencja Nas &#8211; ludzi zwi\u0105zana z u\u017cywaniem dominuj\u0105cych cz\u0119\u015bci naszych cia\u0142. Mamy tu na my\u015bli ucho, oko, r\u0119k\u0119 i nog\u0119. Jest to r\u00f3wnie\u017c zwi\u0105zane ze zwi\u0119kszeniem aktywno\u015bci danej p\u00f3\u0142kuli m\u00f3zgowej. My mo\u017cemy zaobserwowa\u0107 j\u0105 u naszych Pociech np. kt\u00f3ra r\u0119ka [&hellip;]\" \/>\n<meta property=\"og:url\" content=\"https:\/\/stonoga.lublin.pl\/pl\/lateralizacja-coz-to-takiego\/\" \/>\n<meta property=\"og:site_name\" content=\"Grupa Edukacyjna Stonoga w Lublinie\" \/>\n<meta property=\"article:published_time\" content=\"2022-02-12T11:29:26+00:00\" \/>\n<meta property=\"og:image\" content=\"https:\/\/stonoga.lublin.pl\/pl\/wp-content\/uploads\/2022\/02\/aktualnosci-przedszkole-specjalne-lublin.png\" \/>\n\t<meta property=\"og:image:width\" content=\"940\" \/>\n\t<meta property=\"og:image:height\" content=\"788\" \/>\n\t<meta property=\"og:image:type\" content=\"image\/png\" \/>\n<meta name=\"author\" content=\"admin\" \/>\n<meta name=\"twitter:card\" content=\"summary_large_image\" \/>\n<meta name=\"twitter:label1\" content=\"Napisane przez\" \/>\n\t<meta name=\"twitter:data1\" content=\"admin\" \/>\n\t<meta name=\"twitter:label2\" content=\"Szacowany czas czytania\" \/>\n\t<meta name=\"twitter:data2\" content=\"2 minuty\" \/>\n<script type=\"application\/ld+json\" class=\"yoast-schema-graph\">{\"@context\":\"https:\/\/schema.org\",\"@graph\":[{\"@type\":\"WebPage\",\"@id\":\"https:\/\/stonoga.lublin.pl\/pl\/lateralizacja-coz-to-takiego\/\",\"url\":\"https:\/\/stonoga.lublin.pl\/pl\/lateralizacja-coz-to-takiego\/\",\"name\":\"Lateralizacja? C\u00f3\u017c to takiego? - Grupa Edukacyjna Stonoga w Lublinie\",\"isPartOf\":{\"@id\":\"https:\/\/stonoga.lublin.pl\/pl\/#website\"},\"primaryImageOfPage\":{\"@id\":\"https:\/\/stonoga.lublin.pl\/pl\/lateralizacja-coz-to-takiego\/#primaryimage\"},\"image\":{\"@id\":\"https:\/\/stonoga.lublin.pl\/pl\/lateralizacja-coz-to-takiego\/#primaryimage\"},\"thumbnailUrl\":\"https:\/\/stonoga.lublin.pl\/pl\/wp-content\/uploads\/2022\/02\/aktualnosci-przedszkole-specjalne-lublin.png\",\"datePublished\":\"2022-02-12T11:29:26+00:00\",\"author\":{\"@id\":\"https:\/\/stonoga.lublin.pl\/pl\/#\/schema\/person\/9f7ad33097f8dc2032c7cfdb8c00fc78\"},\"breadcrumb\":{\"@id\":\"https:\/\/stonoga.lublin.pl\/pl\/lateralizacja-coz-to-takiego\/#breadcrumb\"},\"inLanguage\":\"pl-PL\",\"potentialAction\":[{\"@type\":\"ReadAction\",\"target\":[\"https:\/\/stonoga.lublin.pl\/pl\/lateralizacja-coz-to-takiego\/\"]}]},{\"@type\":\"ImageObject\",\"inLanguage\":\"pl-PL\",\"@id\":\"https:\/\/stonoga.lublin.pl\/pl\/lateralizacja-coz-to-takiego\/#primaryimage\",\"url\":\"https:\/\/stonoga.lublin.pl\/pl\/wp-content\/uploads\/2022\/02\/aktualnosci-przedszkole-specjalne-lublin.png\",\"contentUrl\":\"https:\/\/stonoga.lublin.pl\/pl\/wp-content\/uploads\/2022\/02\/aktualnosci-przedszkole-specjalne-lublin.png\",\"width\":940,\"height\":788},{\"@type\":\"BreadcrumbList\",\"@id\":\"https:\/\/stonoga.lublin.pl\/pl\/lateralizacja-coz-to-takiego\/#breadcrumb\",\"itemListElement\":[{\"@type\":\"ListItem\",\"position\":1,\"name\":\"Strona g\u0142\u00f3wna\",\"item\":\"https:\/\/stonoga.lublin.pl\/pl\/\"},{\"@type\":\"ListItem\",\"position\":2,\"name\":\"Lateralizacja? C\u00f3\u017c to takiego?\"}]},{\"@type\":\"WebSite\",\"@id\":\"https:\/\/stonoga.lublin.pl\/pl\/#website\",\"url\":\"https:\/\/stonoga.lublin.pl\/pl\/\",\"name\":\"Grupa Edukacyjna Stonoga w Lublinie\",\"description\":\"\",\"potentialAction\":[{\"@type\":\"SearchAction\",\"target\":{\"@type\":\"EntryPoint\",\"urlTemplate\":\"https:\/\/stonoga.lublin.pl\/pl\/?s={search_term_string}\"},\"query-input\":{\"@type\":\"PropertyValueSpecification\",\"valueRequired\":true,\"valueName\":\"search_term_string\"}}],\"inLanguage\":\"pl-PL\"},{\"@type\":\"Person\",\"@id\":\"https:\/\/stonoga.lublin.pl\/pl\/#\/schema\/person\/9f7ad33097f8dc2032c7cfdb8c00fc78\",\"name\":\"admin\",\"image\":{\"@type\":\"ImageObject\",\"inLanguage\":\"pl-PL\",\"@id\":\"https:\/\/stonoga.lublin.pl\/pl\/#\/schema\/person\/image\/\",\"url\":\"https:\/\/secure.gravatar.com\/avatar\/9783c3042f25d271fb1379d3cdc1b674aceeecdcf7f7234c6e881c8535fc0978?s=96&d=mm&r=g\",\"contentUrl\":\"https:\/\/secure.gravatar.com\/avatar\/9783c3042f25d271fb1379d3cdc1b674aceeecdcf7f7234c6e881c8535fc0978?s=96&d=mm&r=g\",\"caption\":\"admin\"},\"sameAs\":[\"https:\/\/stonoga.lublin.pl\/pl\/\"],\"url\":\"https:\/\/stonoga.lublin.pl\/pl\/author\/admin\/\"}]}<\/script>\n<!-- \/ Yoast SEO plugin. -->","yoast_head_json":{"title":"Lateralizacja? C\u00f3\u017c to takiego? - Grupa Edukacyjna Stonoga w Lublinie","robots":{"index":"index","follow":"follow","max-snippet":"max-snippet:-1","max-image-preview":"max-image-preview:large","max-video-preview":"max-video-preview:-1"},"canonical":"https:\/\/stonoga.lublin.pl\/pl\/lateralizacja-coz-to-takiego\/","og_locale":"pl_PL","og_type":"article","og_title":"Lateralizacja? C\u00f3\u017c to takiego? - Grupa Edukacyjna Stonoga w Lublinie","og_description":"Wiele si\u0119 o tym s\u0142yszy wi\u0119c pora zg\u0142\u0119bi\u0107 t\u0119 tajemn\u0105 wiedz\u0119. Lateralizacja to wyb\u00f3r lub preferencja Nas &#8211; ludzi zwi\u0105zana z u\u017cywaniem dominuj\u0105cych cz\u0119\u015bci naszych cia\u0142. Mamy tu na my\u015bli ucho, oko, r\u0119k\u0119 i nog\u0119. Jest to r\u00f3wnie\u017c zwi\u0105zane ze zwi\u0119kszeniem aktywno\u015bci danej p\u00f3\u0142kuli m\u00f3zgowej. My mo\u017cemy zaobserwowa\u0107 j\u0105 u naszych Pociech np. kt\u00f3ra r\u0119ka [&hellip;]","og_url":"https:\/\/stonoga.lublin.pl\/pl\/lateralizacja-coz-to-takiego\/","og_site_name":"Grupa Edukacyjna Stonoga w Lublinie","article_published_time":"2022-02-12T11:29:26+00:00","og_image":[{"width":940,"height":788,"url":"https:\/\/stonoga.lublin.pl\/pl\/wp-content\/uploads\/2022\/02\/aktualnosci-przedszkole-specjalne-lublin.png","type":"image\/png"}],"author":"admin","twitter_card":"summary_large_image","twitter_misc":{"Napisane przez":"admin","Szacowany czas czytania":"2 minuty"},"schema":{"@context":"https:\/\/schema.org","@graph":[{"@type":"WebPage","@id":"https:\/\/stonoga.lublin.pl\/pl\/lateralizacja-coz-to-takiego\/","url":"https:\/\/stonoga.lublin.pl\/pl\/lateralizacja-coz-to-takiego\/","name":"Lateralizacja? C\u00f3\u017c to takiego? - Grupa Edukacyjna Stonoga w Lublinie","isPartOf":{"@id":"https:\/\/stonoga.lublin.pl\/pl\/#website"},"primaryImageOfPage":{"@id":"https:\/\/stonoga.lublin.pl\/pl\/lateralizacja-coz-to-takiego\/#primaryimage"},"image":{"@id":"https:\/\/stonoga.lublin.pl\/pl\/lateralizacja-coz-to-takiego\/#primaryimage"},"thumbnailUrl":"https:\/\/stonoga.lublin.pl\/pl\/wp-content\/uploads\/2022\/02\/aktualnosci-przedszkole-specjalne-lublin.png","datePublished":"2022-02-12T11:29:26+00:00","author":{"@id":"https:\/\/stonoga.lublin.pl\/pl\/#\/schema\/person\/9f7ad33097f8dc2032c7cfdb8c00fc78"},"breadcrumb":{"@id":"https:\/\/stonoga.lublin.pl\/pl\/lateralizacja-coz-to-takiego\/#breadcrumb"},"inLanguage":"pl-PL","potentialAction":[{"@type":"ReadAction","target":["https:\/\/stonoga.lublin.pl\/pl\/lateralizacja-coz-to-takiego\/"]}]},{"@type":"ImageObject","inLanguage":"pl-PL","@id":"https:\/\/stonoga.lublin.pl\/pl\/lateralizacja-coz-to-takiego\/#primaryimage","url":"https:\/\/stonoga.lublin.pl\/pl\/wp-content\/uploads\/2022\/02\/aktualnosci-przedszkole-specjalne-lublin.png","contentUrl":"https:\/\/stonoga.lublin.pl\/pl\/wp-content\/uploads\/2022\/02\/aktualnosci-przedszkole-specjalne-lublin.png","width":940,"height":788},{"@type":"BreadcrumbList","@id":"https:\/\/stonoga.lublin.pl\/pl\/lateralizacja-coz-to-takiego\/#breadcrumb","itemListElement":[{"@type":"ListItem","position":1,"name":"Strona g\u0142\u00f3wna","item":"https:\/\/stonoga.lublin.pl\/pl\/"},{"@type":"ListItem","position":2,"name":"Lateralizacja? C\u00f3\u017c to takiego?"}]},{"@type":"WebSite","@id":"https:\/\/stonoga.lublin.pl\/pl\/#website","url":"https:\/\/stonoga.lublin.pl\/pl\/","name":"Grupa Edukacyjna Stonoga w Lublinie","description":"","potentialAction":[{"@type":"SearchAction","target":{"@type":"EntryPoint","urlTemplate":"https:\/\/stonoga.lublin.pl\/pl\/?s={search_term_string}"},"query-input":{"@type":"PropertyValueSpecification","valueRequired":true,"valueName":"search_term_string"}}],"inLanguage":"pl-PL"},{"@type":"Person","@id":"https:\/\/stonoga.lublin.pl\/pl\/#\/schema\/person\/9f7ad33097f8dc2032c7cfdb8c00fc78","name":"admin","image":{"@type":"ImageObject","inLanguage":"pl-PL","@id":"https:\/\/stonoga.lublin.pl\/pl\/#\/schema\/person\/image\/","url":"https:\/\/secure.gravatar.com\/avatar\/9783c3042f25d271fb1379d3cdc1b674aceeecdcf7f7234c6e881c8535fc0978?s=96&d=mm&r=g","contentUrl":"https:\/\/secure.gravatar.com\/avatar\/9783c3042f25d271fb1379d3cdc1b674aceeecdcf7f7234c6e881c8535fc0978?s=96&d=mm&r=g","caption":"admin"},"sameAs":["https:\/\/stonoga.lublin.pl\/pl\/"],"url":"https:\/\/stonoga.lublin.pl\/pl\/author\/admin\/"}]}},"_links":{"self":[{"href":"https:\/\/stonoga.lublin.pl\/pl\/wp-json\/wp\/v2\/posts\/209","targetHints":{"allow":["GET"]}}],"collection":[{"href":"https:\/\/stonoga.lublin.pl\/pl\/wp-json\/wp\/v2\/posts"}],"about":[{"href":"https:\/\/stonoga.lublin.pl\/pl\/wp-json\/wp\/v2\/types\/post"}],"author":[{"embeddable":true,"href":"https:\/\/stonoga.lublin.pl\/pl\/wp-json\/wp\/v2\/users\/1"}],"replies":[{"embeddable":true,"href":"https:\/\/stonoga.lublin.pl\/pl\/wp-json\/wp\/v2\/comments?post=209"}],"version-history":[{"count":1,"href":"https:\/\/stonoga.lublin.pl\/pl\/wp-json\/wp\/v2\/posts\/209\/revisions"}],"predecessor-version":[{"id":211,"href":"https:\/\/stonoga.lublin.pl\/pl\/wp-json\/wp\/v2\/posts\/209\/revisions\/211"}],"wp:featuredmedia":[{"embeddable":true,"href":"https:\/\/stonoga.lublin.pl\/pl\/wp-json\/wp\/v2\/media\/210"}],"wp:attachment":[{"href":"https:\/\/stonoga.lublin.pl\/pl\/wp-json\/wp\/v2\/media?parent=209"}],"wp:term":[{"taxonomy":"category","embeddable":true,"href":"https:\/\/stonoga.lublin.pl\/pl\/wp-json\/wp\/v2\/categories?post=209"},{"taxonomy":"post_tag","embeddable":true,"href":"https:\/\/stonoga.lublin.pl\/pl\/wp-json\/wp\/v2\/tags?post=209"}],"curies":[{"name":"wp","href":"https:\/\/api.w.org\/{rel}","templated":true}]}}