{"id":2329,"date":"2024-04-05T10:00:47","date_gmt":"2024-04-05T10:00:47","guid":{"rendered":"https:\/\/stonoga.lublin.pl\/pl\/?p=2329"},"modified":"2024-04-10T08:23:37","modified_gmt":"2024-04-10T08:23:37","slug":"obchody-dnia-swiadomosci-autyzmu-oraz-swiatowy-dzien-zespolu-downa","status":"publish","type":"post","link":"https:\/\/stonoga.lublin.pl\/pl\/obchody-dnia-swiadomosci-autyzmu-oraz-swiatowy-dzien-zespolu-downa\/","title":{"rendered":"Obchody Dnia \u015awiadomo\u015bci Autyzmu oraz \u015awiatowy Dzie\u0144 Zespo\u0142u Downa"},"content":{"rendered":"<p>Zapraszamy do kr\u00f3tkiej fotorelacji z dw\u00f3ch wa\u017cnych wydarze\u0144 w naszej szkole \ud83d\ude42 Wi\u0119cej zdj\u0119\u0107 na naszym Facebooku.<\/p>\n\n\t\t<style type=\"text\/css\">\n\t\t\t#gallery-1 {\n\t\t\t\tmargin: auto;\n\t\t\t}\n\t\t\t#gallery-1 .gallery-item {\n\t\t\t\tfloat: left;\n\t\t\t\tmargin-top: 10px;\n\t\t\t\ttext-align: center;\n\t\t\t\twidth: 33%;\n\t\t\t}\n\t\t\t#gallery-1 img {\n\t\t\t\tborder: 2px solid #cfcfcf;\n\t\t\t}\n\t\t\t#gallery-1 .gallery-caption {\n\t\t\t\tmargin-left: 0;\n\t\t\t}\n\t\t\t\/* see gallery_shortcode() in wp-includes\/media.php *\/\n\t\t<\/style>\n\t\t<div id='gallery-1' class='gallery galleryid-2329 gallery-columns-3 gallery-size-thumbnail'><dl class='gallery-item'>\n\t\t\t<dt class='gallery-icon landscape'>\n\t\t\t\t<a href='https:\/\/stonoga.lublin.pl\/pl\/55209bb5-7919-4af4-94aa-d2aa31ed47bf\/'><img loading=\"lazy\" decoding=\"async\" width=\"150\" height=\"150\" src=\"https:\/\/stonoga.lublin.pl\/pl\/wp-content\/uploads\/2024\/04\/55209bb5-7919-4af4-94aa-d2aa31ed47bf-150x150.jpeg\" class=\"attachment-thumbnail size-thumbnail\" alt=\"\" \/><\/a>\n\t\t\t<\/dt><\/dl><dl class='gallery-item'>\n\t\t\t<dt class='gallery-icon landscape'>\n\t\t\t\t<a href='https:\/\/stonoga.lublin.pl\/pl\/6d824ad0-a126-4b27-bddb-4899b4d4e627\/'><img loading=\"lazy\" decoding=\"async\" width=\"150\" height=\"150\" src=\"https:\/\/stonoga.lublin.pl\/pl\/wp-content\/uploads\/2024\/04\/6d824ad0-a126-4b27-bddb-4899b4d4e627-150x150.jpeg\" class=\"attachment-thumbnail size-thumbnail\" alt=\"\" \/><\/a>\n\t\t\t<\/dt><\/dl><dl class='gallery-item'>\n\t\t\t<dt class='gallery-icon landscape'>\n\t\t\t\t<a href='https:\/\/stonoga.lublin.pl\/pl\/87d502ff-246b-48a5-9e76-5c92fa9b084f\/'><img loading=\"lazy\" decoding=\"async\" width=\"150\" height=\"150\" src=\"https:\/\/stonoga.lublin.pl\/pl\/wp-content\/uploads\/2024\/04\/87d502ff-246b-48a5-9e76-5c92fa9b084f-150x150.jpeg\" class=\"attachment-thumbnail size-thumbnail\" alt=\"\" \/><\/a>\n\t\t\t<\/dt><\/dl><br style=\"clear: both\" \/><dl class='gallery-item'>\n\t\t\t<dt class='gallery-icon landscape'>\n\t\t\t\t<a href='https:\/\/stonoga.lublin.pl\/pl\/6b3fbc34-6f40-4fcf-8608-c6a9cc3ae94e\/'><img loading=\"lazy\" decoding=\"async\" width=\"150\" height=\"150\" src=\"https:\/\/stonoga.lublin.pl\/pl\/wp-content\/uploads\/2024\/04\/6b3fbc34-6f40-4fcf-8608-c6a9cc3ae94e-150x150.jpeg\" class=\"attachment-thumbnail size-thumbnail\" alt=\"\" \/><\/a>\n\t\t\t<\/dt><\/dl><dl class='gallery-item'>\n\t\t\t<dt class='gallery-icon portrait'>\n\t\t\t\t<a href='https:\/\/stonoga.lublin.pl\/pl\/077d3afe-f8b1-4425-8151-cd47fd85aecb\/'><img loading=\"lazy\" decoding=\"async\" width=\"150\" height=\"150\" src=\"https:\/\/stonoga.lublin.pl\/pl\/wp-content\/uploads\/2024\/04\/077d3afe-f8b1-4425-8151-cd47fd85aecb-150x150.jpeg\" class=\"attachment-thumbnail size-thumbnail\" alt=\"\" \/><\/a>\n\t\t\t<\/dt><\/dl><dl class='gallery-item'>\n\t\t\t<dt class='gallery-icon portrait'>\n\t\t\t\t<a href='https:\/\/stonoga.lublin.pl\/pl\/713b61d9-167b-40d6-805f-39c262565781\/'><img loading=\"lazy\" decoding=\"async\" width=\"150\" height=\"150\" src=\"https:\/\/stonoga.lublin.pl\/pl\/wp-content\/uploads\/2024\/04\/713b61d9-167b-40d6-805f-39c262565781-150x150.jpeg\" class=\"attachment-thumbnail size-thumbnail\" alt=\"\" \/><\/a>\n\t\t\t<\/dt><\/dl><br style=\"clear: both\" \/><dl class='gallery-item'>\n\t\t\t<dt class='gallery-icon landscape'>\n\t\t\t\t<a href='https:\/\/stonoga.lublin.pl\/pl\/1da5acf7-c7bd-4bee-bb39-7e24269a6dca\/'><img loading=\"lazy\" decoding=\"async\" width=\"150\" height=\"150\" src=\"https:\/\/stonoga.lublin.pl\/pl\/wp-content\/uploads\/2024\/04\/1da5acf7-c7bd-4bee-bb39-7e24269a6dca-150x150.jpeg\" class=\"attachment-thumbnail size-thumbnail\" alt=\"\" \/><\/a>\n\t\t\t<\/dt><\/dl><dl class='gallery-item'>\n\t\t\t<dt class='gallery-icon portrait'>\n\t\t\t\t<a href='https:\/\/stonoga.lublin.pl\/pl\/435746905_890345523101881_3584877225959535558_n\/'><img loading=\"lazy\" decoding=\"async\" width=\"150\" height=\"150\" src=\"https:\/\/stonoga.lublin.pl\/pl\/wp-content\/uploads\/2024\/04\/435746905_890345523101881_3584877225959535558_n-150x150.jpg\" class=\"attachment-thumbnail size-thumbnail\" alt=\"\" \/><\/a>\n\t\t\t<\/dt><\/dl><dl class='gallery-item'>\n\t\t\t<dt class='gallery-icon portrait'>\n\t\t\t\t<a href='https:\/\/stonoga.lublin.pl\/pl\/436119686_890345579768542_2946606932044813323_n\/'><img loading=\"lazy\" decoding=\"async\" width=\"150\" height=\"150\" src=\"https:\/\/stonoga.lublin.pl\/pl\/wp-content\/uploads\/2024\/04\/436119686_890345579768542_2946606932044813323_n-150x150.jpg\" class=\"attachment-thumbnail size-thumbnail\" alt=\"\" \/><\/a>\n\t\t\t<\/dt><\/dl><br style=\"clear: both\" \/>\n\t\t<\/div>\n\n","protected":false},"excerpt":{"rendered":"<p>Zapraszamy do kr\u00f3tkiej fotorelacji z dw\u00f3ch wa\u017cnych wydarze\u0144 w naszej szkole \ud83d\ude42 Wi\u0119cej zdj\u0119\u0107 na naszym Facebooku.<\/p>\n","protected":false},"author":3,"featured_media":0,"comment_status":"open","ping_status":"open","sticky":false,"template":"","format":"gallery","meta":{"_acf_changed":false,"_et_pb_use_builder":"","_et_pb_old_content":"","_et_gb_content_width":"","footnotes":""},"categories":[7,13,8],"tags":[],"class_list":["post-2329","post","type-post","status-publish","format-gallery","hentry","category-aktualnosci-strona-glowna","category-szkola","category-szkola-skala","post_format-post-format-gallery"],"acf":[],"yoast_head":"<!-- This site is optimized with the Yoast SEO plugin v24.6 - https:\/\/yoast.com\/wordpress\/plugins\/seo\/ -->\n<title>Obchody Dnia \u015awiadomo\u015bci Autyzmu oraz \u015awiatowy Dzie\u0144 Zespo\u0142u Downa - Grupa Edukacyjna Stonoga w Lublinie<\/title>\n<meta name=\"robots\" content=\"index, follow, max-snippet:-1, max-image-preview:large, max-video-preview:-1\" \/>\n<link rel=\"canonical\" href=\"https:\/\/stonoga.lublin.pl\/pl\/obchody-dnia-swiadomosci-autyzmu-oraz-swiatowy-dzien-zespolu-downa\/\" \/>\n<meta property=\"og:locale\" content=\"pl_PL\" \/>\n<meta property=\"og:type\" content=\"article\" \/>\n<meta property=\"og:title\" content=\"Obchody Dnia \u015awiadomo\u015bci Autyzmu oraz \u015awiatowy Dzie\u0144 Zespo\u0142u Downa - Grupa Edukacyjna Stonoga w Lublinie\" \/>\n<meta property=\"og:description\" content=\"Zapraszamy do kr\u00f3tkiej fotorelacji z dw\u00f3ch wa\u017cnych wydarze\u0144 w naszej szkole \ud83d\ude42 Wi\u0119cej zdj\u0119\u0107 na naszym Facebooku.\" \/>\n<meta property=\"og:url\" content=\"https:\/\/stonoga.lublin.pl\/pl\/obchody-dnia-swiadomosci-autyzmu-oraz-swiatowy-dzien-zespolu-downa\/\" \/>\n<meta property=\"og:site_name\" content=\"Grupa Edukacyjna Stonoga w Lublinie\" \/>\n<meta property=\"article:published_time\" content=\"2024-04-05T10:00:47+00:00\" \/>\n<meta property=\"article:modified_time\" content=\"2024-04-10T08:23:37+00:00\" \/>\n<meta property=\"og:image\" content=\"https:\/\/stonoga.lublin.pl\/pl\/wp-content\/uploads\/2024\/04\/55209bb5-7919-4af4-94aa-d2aa31ed47bf-150x150.jpeg\" \/>\n<meta name=\"author\" content=\"AdminStonoga\" \/>\n<meta name=\"twitter:card\" content=\"summary_large_image\" \/>\n<meta name=\"twitter:label1\" content=\"Napisane przez\" \/>\n\t<meta name=\"twitter:data1\" content=\"AdminStonoga\" \/>\n\t<meta name=\"twitter:label2\" content=\"Szacowany czas czytania\" \/>\n\t<meta name=\"twitter:data2\" content=\"1 minuta\" \/>\n<script type=\"application\/ld+json\" class=\"yoast-schema-graph\">{\"@context\":\"https:\/\/schema.org\",\"@graph\":[{\"@type\":\"WebPage\",\"@id\":\"https:\/\/stonoga.lublin.pl\/pl\/obchody-dnia-swiadomosci-autyzmu-oraz-swiatowy-dzien-zespolu-downa\/\",\"url\":\"https:\/\/stonoga.lublin.pl\/pl\/obchody-dnia-swiadomosci-autyzmu-oraz-swiatowy-dzien-zespolu-downa\/\",\"name\":\"Obchody Dnia \u015awiadomo\u015bci Autyzmu oraz \u015awiatowy Dzie\u0144 Zespo\u0142u Downa - Grupa Edukacyjna Stonoga w Lublinie\",\"isPartOf\":{\"@id\":\"https:\/\/stonoga.lublin.pl\/pl\/#website\"},\"datePublished\":\"2024-04-05T10:00:47+00:00\",\"dateModified\":\"2024-04-10T08:23:37+00:00\",\"author\":{\"@id\":\"https:\/\/stonoga.lublin.pl\/pl\/#\/schema\/person\/1b29956d0c3fd885abae5926cdd3beb6\"},\"breadcrumb\":{\"@id\":\"https:\/\/stonoga.lublin.pl\/pl\/obchody-dnia-swiadomosci-autyzmu-oraz-swiatowy-dzien-zespolu-downa\/#breadcrumb\"},\"inLanguage\":\"pl-PL\",\"potentialAction\":[{\"@type\":\"ReadAction\",\"target\":[\"https:\/\/stonoga.lublin.pl\/pl\/obchody-dnia-swiadomosci-autyzmu-oraz-swiatowy-dzien-zespolu-downa\/\"]}]},{\"@type\":\"BreadcrumbList\",\"@id\":\"https:\/\/stonoga.lublin.pl\/pl\/obchody-dnia-swiadomosci-autyzmu-oraz-swiatowy-dzien-zespolu-downa\/#breadcrumb\",\"itemListElement\":[{\"@type\":\"ListItem\",\"position\":1,\"name\":\"Strona g\u0142\u00f3wna\",\"item\":\"https:\/\/stonoga.lublin.pl\/pl\/\"},{\"@type\":\"ListItem\",\"position\":2,\"name\":\"Obchody Dnia \u015awiadomo\u015bci Autyzmu oraz \u015awiatowy Dzie\u0144 Zespo\u0142u Downa\"}]},{\"@type\":\"WebSite\",\"@id\":\"https:\/\/stonoga.lublin.pl\/pl\/#website\",\"url\":\"https:\/\/stonoga.lublin.pl\/pl\/\",\"name\":\"Grupa Edukacyjna Stonoga w Lublinie\",\"description\":\"\",\"potentialAction\":[{\"@type\":\"SearchAction\",\"target\":{\"@type\":\"EntryPoint\",\"urlTemplate\":\"https:\/\/stonoga.lublin.pl\/pl\/?s={search_term_string}\"},\"query-input\":{\"@type\":\"PropertyValueSpecification\",\"valueRequired\":true,\"valueName\":\"search_term_string\"}}],\"inLanguage\":\"pl-PL\"},{\"@type\":\"Person\",\"@id\":\"https:\/\/stonoga.lublin.pl\/pl\/#\/schema\/person\/1b29956d0c3fd885abae5926cdd3beb6\",\"name\":\"AdminStonoga\",\"image\":{\"@type\":\"ImageObject\",\"inLanguage\":\"pl-PL\",\"@id\":\"https:\/\/stonoga.lublin.pl\/pl\/#\/schema\/person\/image\/\",\"url\":\"https:\/\/secure.gravatar.com\/avatar\/d745d9a36b2443c432906391c956b8c7b1c64d9ab3074197655c2e0fb9a3d316?s=96&d=mm&r=g\",\"contentUrl\":\"https:\/\/secure.gravatar.com\/avatar\/d745d9a36b2443c432906391c956b8c7b1c64d9ab3074197655c2e0fb9a3d316?s=96&d=mm&r=g\",\"caption\":\"AdminStonoga\"},\"url\":\"https:\/\/stonoga.lublin.pl\/pl\/author\/adminstonoga\/\"}]}<\/script>\n<!-- \/ Yoast SEO plugin. -->","yoast_head_json":{"title":"Obchody Dnia \u015awiadomo\u015bci Autyzmu oraz \u015awiatowy Dzie\u0144 Zespo\u0142u Downa - Grupa Edukacyjna Stonoga w Lublinie","robots":{"index":"index","follow":"follow","max-snippet":"max-snippet:-1","max-image-preview":"max-image-preview:large","max-video-preview":"max-video-preview:-1"},"canonical":"https:\/\/stonoga.lublin.pl\/pl\/obchody-dnia-swiadomosci-autyzmu-oraz-swiatowy-dzien-zespolu-downa\/","og_locale":"pl_PL","og_type":"article","og_title":"Obchody Dnia \u015awiadomo\u015bci Autyzmu oraz \u015awiatowy Dzie\u0144 Zespo\u0142u Downa - Grupa Edukacyjna Stonoga w Lublinie","og_description":"Zapraszamy do kr\u00f3tkiej fotorelacji z dw\u00f3ch wa\u017cnych wydarze\u0144 w naszej szkole \ud83d\ude42 Wi\u0119cej zdj\u0119\u0107 na naszym Facebooku.","og_url":"https:\/\/stonoga.lublin.pl\/pl\/obchody-dnia-swiadomosci-autyzmu-oraz-swiatowy-dzien-zespolu-downa\/","og_site_name":"Grupa Edukacyjna Stonoga w Lublinie","article_published_time":"2024-04-05T10:00:47+00:00","article_modified_time":"2024-04-10T08:23:37+00:00","og_image":[{"url":"https:\/\/stonoga.lublin.pl\/pl\/wp-content\/uploads\/2024\/04\/55209bb5-7919-4af4-94aa-d2aa31ed47bf-150x150.jpeg","type":"","width":"","height":""}],"author":"AdminStonoga","twitter_card":"summary_large_image","twitter_misc":{"Napisane przez":"AdminStonoga","Szacowany czas czytania":"1 minuta"},"schema":{"@context":"https:\/\/schema.org","@graph":[{"@type":"WebPage","@id":"https:\/\/stonoga.lublin.pl\/pl\/obchody-dnia-swiadomosci-autyzmu-oraz-swiatowy-dzien-zespolu-downa\/","url":"https:\/\/stonoga.lublin.pl\/pl\/obchody-dnia-swiadomosci-autyzmu-oraz-swiatowy-dzien-zespolu-downa\/","name":"Obchody Dnia \u015awiadomo\u015bci Autyzmu oraz \u015awiatowy Dzie\u0144 Zespo\u0142u Downa - Grupa Edukacyjna Stonoga w Lublinie","isPartOf":{"@id":"https:\/\/stonoga.lublin.pl\/pl\/#website"},"datePublished":"2024-04-05T10:00:47+00:00","dateModified":"2024-04-10T08:23:37+00:00","author":{"@id":"https:\/\/stonoga.lublin.pl\/pl\/#\/schema\/person\/1b29956d0c3fd885abae5926cdd3beb6"},"breadcrumb":{"@id":"https:\/\/stonoga.lublin.pl\/pl\/obchody-dnia-swiadomosci-autyzmu-oraz-swiatowy-dzien-zespolu-downa\/#breadcrumb"},"inLanguage":"pl-PL","potentialAction":[{"@type":"ReadAction","target":["https:\/\/stonoga.lublin.pl\/pl\/obchody-dnia-swiadomosci-autyzmu-oraz-swiatowy-dzien-zespolu-downa\/"]}]},{"@type":"BreadcrumbList","@id":"https:\/\/stonoga.lublin.pl\/pl\/obchody-dnia-swiadomosci-autyzmu-oraz-swiatowy-dzien-zespolu-downa\/#breadcrumb","itemListElement":[{"@type":"ListItem","position":1,"name":"Strona g\u0142\u00f3wna","item":"https:\/\/stonoga.lublin.pl\/pl\/"},{"@type":"ListItem","position":2,"name":"Obchody Dnia \u015awiadomo\u015bci Autyzmu oraz \u015awiatowy Dzie\u0144 Zespo\u0142u Downa"}]},{"@type":"WebSite","@id":"https:\/\/stonoga.lublin.pl\/pl\/#website","url":"https:\/\/stonoga.lublin.pl\/pl\/","name":"Grupa Edukacyjna Stonoga w Lublinie","description":"","potentialAction":[{"@type":"SearchAction","target":{"@type":"EntryPoint","urlTemplate":"https:\/\/stonoga.lublin.pl\/pl\/?s={search_term_string}"},"query-input":{"@type":"PropertyValueSpecification","valueRequired":true,"valueName":"search_term_string"}}],"inLanguage":"pl-PL"},{"@type":"Person","@id":"https:\/\/stonoga.lublin.pl\/pl\/#\/schema\/person\/1b29956d0c3fd885abae5926cdd3beb6","name":"AdminStonoga","image":{"@type":"ImageObject","inLanguage":"pl-PL","@id":"https:\/\/stonoga.lublin.pl\/pl\/#\/schema\/person\/image\/","url":"https:\/\/secure.gravatar.com\/avatar\/d745d9a36b2443c432906391c956b8c7b1c64d9ab3074197655c2e0fb9a3d316?s=96&d=mm&r=g","contentUrl":"https:\/\/secure.gravatar.com\/avatar\/d745d9a36b2443c432906391c956b8c7b1c64d9ab3074197655c2e0fb9a3d316?s=96&d=mm&r=g","caption":"AdminStonoga"},"url":"https:\/\/stonoga.lublin.pl\/pl\/author\/adminstonoga\/"}]}},"_links":{"self":[{"href":"https:\/\/stonoga.lublin.pl\/pl\/wp-json\/wp\/v2\/posts\/2329","targetHints":{"allow":["GET"]}}],"collection":[{"href":"https:\/\/stonoga.lublin.pl\/pl\/wp-json\/wp\/v2\/posts"}],"about":[{"href":"https:\/\/stonoga.lublin.pl\/pl\/wp-json\/wp\/v2\/types\/post"}],"author":[{"embeddable":true,"href":"https:\/\/stonoga.lublin.pl\/pl\/wp-json\/wp\/v2\/users\/3"}],"replies":[{"embeddable":true,"href":"https:\/\/stonoga.lublin.pl\/pl\/wp-json\/wp\/v2\/comments?post=2329"}],"version-history":[{"count":2,"href":"https:\/\/stonoga.lublin.pl\/pl\/wp-json\/wp\/v2\/posts\/2329\/revisions"}],"predecessor-version":[{"id":2331,"href":"https:\/\/stonoga.lublin.pl\/pl\/wp-json\/wp\/v2\/posts\/2329\/revisions\/2331"}],"wp:attachment":[{"href":"https:\/\/stonoga.lublin.pl\/pl\/wp-json\/wp\/v2\/media?parent=2329"}],"wp:term":[{"taxonomy":"category","embeddable":true,"href":"https:\/\/stonoga.lublin.pl\/pl\/wp-json\/wp\/v2\/categories?post=2329"},{"taxonomy":"post_tag","embeddable":true,"href":"https:\/\/stonoga.lublin.pl\/pl\/wp-json\/wp\/v2\/tags?post=2329"}],"curies":[{"name":"wp","href":"https:\/\/api.w.org\/{rel}","templated":true}]}}