{"id":2358,"date":"2025-01-16T07:27:09","date_gmt":"2025-01-16T07:27:09","guid":{"rendered":"https:\/\/stonoga.lublin.pl\/pl\/?p=2358"},"modified":"2025-01-16T07:27:09","modified_gmt":"2025-01-16T07:27:09","slug":"dzien-koszuli-%f0%9f%91%94","status":"publish","type":"post","link":"https:\/\/stonoga.lublin.pl\/pl\/dzien-koszuli-%f0%9f%91%94\/","title":{"rendered":"Dzie\u0144 koszuli \ud83d\udc54"},"content":{"rendered":"<div class=\"xdj266r x11i5rnm xat24cr x1mh8g0r x1vvkbs x126k92a\">\n<div dir=\"auto\">W miniony poniedzia\u0142ek nasza szko\u0142a wype\u0142ni\u0142a si\u0119 kolorem, kreatywno\u015bci\u0105 i pozytywn\u0105 energi\u0105! <span class=\"html-span xexx8yu x4uap5 x18d9i69 xkhd6sd x1hl2dhg x16tdsg8 x1vvkbs x3nfvp2 x1j61x8r x1fcty0u xdj266r xat24cr xgzva0m xhhsvwb xxymvpz xlup9mm x1kky2od\"><img loading=\"lazy\" decoding=\"async\" class=\"xz74otr\" src=\"https:\/\/static.xx.fbcdn.net\/images\/emoji.php\/v9\/t8c\/1\/16\/1f389.png\" alt=\"\ud83c\udf89\" width=\"16\" height=\"16\" \/><\/span><span class=\"html-span xexx8yu x4uap5 x18d9i69 xkhd6sd x1hl2dhg x16tdsg8 x1vvkbs x3nfvp2 x1j61x8r x1fcty0u xdj266r xat24cr xgzva0m xhhsvwb xxymvpz xlup9mm x1kky2od\"><img loading=\"lazy\" decoding=\"async\" class=\"xz74otr\" src=\"https:\/\/static.xx.fbcdn.net\/images\/emoji.php\/v9\/tec\/1\/16\/1f455.png\" alt=\"\ud83d\udc55\" width=\"16\" height=\"16\" \/><\/span> Dzie\u0144 Koszuli by\u0142 \u015bwietn\u0105 okazj\u0105, by wyrazi\u0107 sw\u00f3j styl i wprowadzi\u0107 troch\u0119 luzu w codzienno\u015b\u0107.<\/div>\n<\/div>\n<div class=\"x11i5rnm xat24cr x1mh8g0r x1vvkbs xtlvy1s x126k92a\">\n<div dir=\"auto\">Uczniowie i nauczyciele pokazali, \u017ce moda nie zna granic \u2013 od eleganckich wzor\u00f3w po zabawne printy, ka\u017cda koszula mia\u0142a swoj\u0105 histori\u0119. <span class=\"html-span xexx8yu x4uap5 x18d9i69 xkhd6sd x1hl2dhg x16tdsg8 x1vvkbs x3nfvp2 x1j61x8r x1fcty0u xdj266r xat24cr xgzva0m xhhsvwb xxymvpz xlup9mm x1kky2od\"><img loading=\"lazy\" decoding=\"async\" class=\"xz74otr\" src=\"https:\/\/static.xx.fbcdn.net\/images\/emoji.php\/v9\/tde\/1\/16\/1f4f8.png\" alt=\"\ud83d\udcf8\" width=\"16\" height=\"16\" \/><\/span> Na zdj\u0119ciach wida\u0107 rado\u015b\u0107 i zaanga\u017cowanie, kt\u00f3re towarzyszy\u0142y temu wyj\u0105tkowemu wydarzeniu.<\/div>\n<\/div>\n<div class=\"x11i5rnm xat24cr x1mh8g0r x1vvkbs xtlvy1s x126k92a\">\n<div dir=\"auto\">Serdecznie dzi\u0119kujemy wszystkim za udzia\u0142 i kreatywno\u015b\u0107! <span class=\"html-span xexx8yu x4uap5 x18d9i69 xkhd6sd x1hl2dhg x16tdsg8 x1vvkbs x3nfvp2 x1j61x8r x1fcty0u xdj266r xat24cr xgzva0m xhhsvwb xxymvpz xlup9mm x1kky2od\"><img loading=\"lazy\" decoding=\"async\" class=\"xz74otr\" src=\"https:\/\/static.xx.fbcdn.net\/images\/emoji.php\/v9\/t3c\/1\/16\/1f4a1.png\" alt=\"\ud83d\udca1\" width=\"16\" height=\"16\" \/><\/span> Dzi\u0119ki Wam nasza szko\u0142a tego dnia by\u0142a jeszcze bardziej wyj\u0105tkowa. Ju\u017c nie mo\u017cemy si\u0119 doczeka\u0107 kolejnych takich inicjatyw!<\/div>\n<\/div>\n<div class=\"x11i5rnm xat24cr x1mh8g0r x1vvkbs xtlvy1s x126k92a\">\n<div dir=\"auto\"><span class=\"html-span xdj266r x11i5rnm xat24cr x1mh8g0r xexx8yu x4uap5 x18d9i69 xkhd6sd x1hl2dhg x16tdsg8 x1vvkbs\"><a class=\"x1i10hfl xjbqb8w x1ejq31n xd10rxx x1sy0etr x17r0tee x972fbf xcfux6l x1qhh985 xm0m39n x9f619 x1ypdohk xt0psk2 xe8uvvx xdj266r x11i5rnm xat24cr x1mh8g0r xexx8yu x4uap5 x18d9i69 xkhd6sd x16tdsg8 x1hl2dhg xggy1nq x1a2a7pz x1sur9pj xkrqix3 x1fey0fg x1s688f\" tabindex=\"0\" role=\"link\" href=\"https:\/\/www.facebook.com\/hashtag\/dzie%C5%84koszuli?__eep__=6&amp;__cft__[0]=AZWjbhc5ms854NID-xgcETE0U8unhlM4mFzIfPsxcZDXilOVpv6TIOOwjDuLhcC2NDDJt_yi-X0HPoLOMa1klbzFmsVHs6DnrSfin7RAlCWQwKUmTOB-HkYy-PAcutqPl3N7GhnvxjlOSxaZ_9KKqNN_MxyYOeYHL57mG4PlpD4yYvVbWw7oD6h_Eh8r3ZyQcQM&amp;__tn__=*NK-R\">#Dzie\u0144Koszuli<\/a><\/span> <span class=\"html-span xdj266r x11i5rnm xat24cr x1mh8g0r xexx8yu x4uap5 x18d9i69 xkhd6sd x1hl2dhg x16tdsg8 x1vvkbs\"><a class=\"x1i10hfl xjbqb8w x1ejq31n xd10rxx x1sy0etr x17r0tee x972fbf xcfux6l x1qhh985 xm0m39n x9f619 x1ypdohk xt0psk2 xe8uvvx xdj266r x11i5rnm xat24cr x1mh8g0r xexx8yu x4uap5 x18d9i69 xkhd6sd x16tdsg8 x1hl2dhg xggy1nq x1a2a7pz x1sur9pj xkrqix3 x1fey0fg x1s688f\" tabindex=\"0\" role=\"link\" href=\"https:\/\/www.facebook.com\/hashtag\/szkolnamoda?__eep__=6&amp;__cft__[0]=AZWjbhc5ms854NID-xgcETE0U8unhlM4mFzIfPsxcZDXilOVpv6TIOOwjDuLhcC2NDDJt_yi-X0HPoLOMa1klbzFmsVHs6DnrSfin7RAlCWQwKUmTOB-HkYy-PAcutqPl3N7GhnvxjlOSxaZ_9KKqNN_MxyYOeYHL57mG4PlpD4yYvVbWw7oD6h_Eh8r3ZyQcQM&amp;__tn__=*NK-R\">#SzkolnaModa<\/a><\/span> <span class=\"html-span xdj266r x11i5rnm xat24cr x1mh8g0r xexx8yu x4uap5 x18d9i69 xkhd6sd x1hl2dhg x16tdsg8 x1vvkbs\"><a class=\"x1i10hfl xjbqb8w x1ejq31n xd10rxx x1sy0etr x17r0tee x972fbf xcfux6l x1qhh985 xm0m39n x9f619 x1ypdohk xt0psk2 xe8uvvx xdj266r x11i5rnm xat24cr x1mh8g0r xexx8yu x4uap5 x18d9i69 xkhd6sd x16tdsg8 x1hl2dhg xggy1nq x1a2a7pz x1sur9pj xkrqix3 x1fey0fg x1s688f\" tabindex=\"0\" role=\"link\" href=\"https:\/\/www.facebook.com\/hashtag\/wsp%C3%B3lnazabawa?__eep__=6&amp;__cft__[0]=AZWjbhc5ms854NID-xgcETE0U8unhlM4mFzIfPsxcZDXilOVpv6TIOOwjDuLhcC2NDDJt_yi-X0HPoLOMa1klbzFmsVHs6DnrSfin7RAlCWQwKUmTOB-HkYy-PAcutqPl3N7GhnvxjlOSxaZ_9KKqNN_MxyYOeYHL57mG4PlpD4yYvVbWw7oD6h_Eh8r3ZyQcQM&amp;__tn__=*NK-R\">#Wsp\u00f3lnaZabawa<\/a><\/span><img loading=\"lazy\" decoding=\"async\" class=\"aligncenter size-full wp-image-2357\" src=\"https:\/\/stonoga.lublin.pl\/pl\/wp-content\/uploads\/2025\/01\/dzien-koszuli.jpg\" alt=\"\" width=\"940\" height=\"788\" srcset=\"https:\/\/stonoga.lublin.pl\/pl\/wp-content\/uploads\/2025\/01\/dzien-koszuli.jpg 940w, https:\/\/stonoga.lublin.pl\/pl\/wp-content\/uploads\/2025\/01\/dzien-koszuli-480x402.jpg 480w\" sizes=\"auto, (min-width: 0px) and (max-width: 480px) 480px, (min-width: 481px) 940px, 100vw\" \/><\/div>\n<\/div>\n","protected":false},"excerpt":{"rendered":"<p>W miniony poniedzia\u0142ek nasza szko\u0142a wype\u0142ni\u0142a si\u0119 kolorem, kreatywno\u015bci\u0105 i pozytywn\u0105 energi\u0105! Dzie\u0144 Koszuli by\u0142 \u015bwietn\u0105 okazj\u0105, by wyrazi\u0107 sw\u00f3j styl i wprowadzi\u0107 troch\u0119 luzu w codzienno\u015b\u0107. Uczniowie i nauczyciele pokazali, \u017ce moda nie zna granic \u2013 od eleganckich wzor\u00f3w po zabawne printy, ka\u017cda koszula mia\u0142a swoj\u0105 histori\u0119. Na zdj\u0119ciach wida\u0107 rado\u015b\u0107 i zaanga\u017cowanie, kt\u00f3re [&hellip;]<\/p>\n","protected":false},"author":3,"featured_media":0,"comment_status":"open","ping_status":"open","sticky":false,"template":"","format":"gallery","meta":{"_acf_changed":false,"_et_pb_use_builder":"","_et_pb_old_content":"","_et_gb_content_width":"","footnotes":""},"categories":[7,13,8],"tags":[],"class_list":["post-2358","post","type-post","status-publish","format-gallery","hentry","category-aktualnosci-strona-glowna","category-szkola","category-szkola-skala","post_format-post-format-gallery"],"acf":[],"yoast_head":"<!-- This site is optimized with the Yoast SEO plugin v24.6 - https:\/\/yoast.com\/wordpress\/plugins\/seo\/ -->\n<title>Dzie\u0144 koszuli \ud83d\udc54 - Grupa Edukacyjna Stonoga w Lublinie<\/title>\n<meta name=\"robots\" content=\"index, follow, max-snippet:-1, max-image-preview:large, max-video-preview:-1\" \/>\n<link rel=\"canonical\" href=\"https:\/\/stonoga.lublin.pl\/pl\/dzien-koszuli-\ud83d\udc54\/\" \/>\n<meta property=\"og:locale\" content=\"pl_PL\" \/>\n<meta property=\"og:type\" content=\"article\" \/>\n<meta property=\"og:title\" content=\"Dzie\u0144 koszuli \ud83d\udc54 - Grupa Edukacyjna Stonoga w Lublinie\" \/>\n<meta property=\"og:description\" content=\"W miniony poniedzia\u0142ek nasza szko\u0142a wype\u0142ni\u0142a si\u0119 kolorem, kreatywno\u015bci\u0105 i pozytywn\u0105 energi\u0105! Dzie\u0144 Koszuli by\u0142 \u015bwietn\u0105 okazj\u0105, by wyrazi\u0107 sw\u00f3j styl i wprowadzi\u0107 troch\u0119 luzu w codzienno\u015b\u0107. Uczniowie i nauczyciele pokazali, \u017ce moda nie zna granic \u2013 od eleganckich wzor\u00f3w po zabawne printy, ka\u017cda koszula mia\u0142a swoj\u0105 histori\u0119. Na zdj\u0119ciach wida\u0107 rado\u015b\u0107 i zaanga\u017cowanie, kt\u00f3re [&hellip;]\" \/>\n<meta property=\"og:url\" content=\"https:\/\/stonoga.lublin.pl\/pl\/dzien-koszuli-\ud83d\udc54\/\" \/>\n<meta property=\"og:site_name\" content=\"Grupa Edukacyjna Stonoga w Lublinie\" \/>\n<meta property=\"article:published_time\" content=\"2025-01-16T07:27:09+00:00\" \/>\n<meta property=\"og:image\" content=\"https:\/\/static.xx.fbcdn.net\/images\/emoji.php\/v9\/t8c\/1\/16\/1f389.png\" \/>\n<meta name=\"author\" content=\"AdminStonoga\" \/>\n<meta name=\"twitter:card\" content=\"summary_large_image\" \/>\n<meta name=\"twitter:label1\" content=\"Napisane przez\" \/>\n\t<meta name=\"twitter:data1\" content=\"AdminStonoga\" \/>\n\t<meta name=\"twitter:label2\" content=\"Szacowany czas czytania\" \/>\n\t<meta name=\"twitter:data2\" content=\"2 minuty\" \/>\n<script type=\"application\/ld+json\" class=\"yoast-schema-graph\">{\"@context\":\"https:\/\/schema.org\",\"@graph\":[{\"@type\":\"WebPage\",\"@id\":\"https:\/\/stonoga.lublin.pl\/pl\/dzien-koszuli-%f0%9f%91%94\/\",\"url\":\"https:\/\/stonoga.lublin.pl\/pl\/dzien-koszuli-%f0%9f%91%94\/\",\"name\":\"Dzie\u0144 koszuli \ud83d\udc54 - Grupa Edukacyjna Stonoga w Lublinie\",\"isPartOf\":{\"@id\":\"https:\/\/stonoga.lublin.pl\/pl\/#website\"},\"primaryImageOfPage\":{\"@id\":\"https:\/\/stonoga.lublin.pl\/pl\/dzien-koszuli-%f0%9f%91%94\/#primaryimage\"},\"image\":{\"@id\":\"https:\/\/stonoga.lublin.pl\/pl\/dzien-koszuli-%f0%9f%91%94\/#primaryimage\"},\"thumbnailUrl\":\"https:\/\/static.xx.fbcdn.net\/images\/emoji.php\/v9\/t8c\/1\/16\/1f389.png\",\"datePublished\":\"2025-01-16T07:27:09+00:00\",\"author\":{\"@id\":\"https:\/\/stonoga.lublin.pl\/pl\/#\/schema\/person\/1b29956d0c3fd885abae5926cdd3beb6\"},\"breadcrumb\":{\"@id\":\"https:\/\/stonoga.lublin.pl\/pl\/dzien-koszuli-%f0%9f%91%94\/#breadcrumb\"},\"inLanguage\":\"pl-PL\",\"potentialAction\":[{\"@type\":\"ReadAction\",\"target\":[\"https:\/\/stonoga.lublin.pl\/pl\/dzien-koszuli-%f0%9f%91%94\/\"]}]},{\"@type\":\"ImageObject\",\"inLanguage\":\"pl-PL\",\"@id\":\"https:\/\/stonoga.lublin.pl\/pl\/dzien-koszuli-%f0%9f%91%94\/#primaryimage\",\"url\":\"https:\/\/static.xx.fbcdn.net\/images\/emoji.php\/v9\/t8c\/1\/16\/1f389.png\",\"contentUrl\":\"https:\/\/static.xx.fbcdn.net\/images\/emoji.php\/v9\/t8c\/1\/16\/1f389.png\"},{\"@type\":\"BreadcrumbList\",\"@id\":\"https:\/\/stonoga.lublin.pl\/pl\/dzien-koszuli-%f0%9f%91%94\/#breadcrumb\",\"itemListElement\":[{\"@type\":\"ListItem\",\"position\":1,\"name\":\"Strona g\u0142\u00f3wna\",\"item\":\"https:\/\/stonoga.lublin.pl\/pl\/\"},{\"@type\":\"ListItem\",\"position\":2,\"name\":\"Dzie\u0144 koszuli \ud83d\udc54\"}]},{\"@type\":\"WebSite\",\"@id\":\"https:\/\/stonoga.lublin.pl\/pl\/#website\",\"url\":\"https:\/\/stonoga.lublin.pl\/pl\/\",\"name\":\"Grupa Edukacyjna Stonoga w Lublinie\",\"description\":\"\",\"potentialAction\":[{\"@type\":\"SearchAction\",\"target\":{\"@type\":\"EntryPoint\",\"urlTemplate\":\"https:\/\/stonoga.lublin.pl\/pl\/?s={search_term_string}\"},\"query-input\":{\"@type\":\"PropertyValueSpecification\",\"valueRequired\":true,\"valueName\":\"search_term_string\"}}],\"inLanguage\":\"pl-PL\"},{\"@type\":\"Person\",\"@id\":\"https:\/\/stonoga.lublin.pl\/pl\/#\/schema\/person\/1b29956d0c3fd885abae5926cdd3beb6\",\"name\":\"AdminStonoga\",\"image\":{\"@type\":\"ImageObject\",\"inLanguage\":\"pl-PL\",\"@id\":\"https:\/\/stonoga.lublin.pl\/pl\/#\/schema\/person\/image\/\",\"url\":\"https:\/\/secure.gravatar.com\/avatar\/d745d9a36b2443c432906391c956b8c7b1c64d9ab3074197655c2e0fb9a3d316?s=96&d=mm&r=g\",\"contentUrl\":\"https:\/\/secure.gravatar.com\/avatar\/d745d9a36b2443c432906391c956b8c7b1c64d9ab3074197655c2e0fb9a3d316?s=96&d=mm&r=g\",\"caption\":\"AdminStonoga\"},\"url\":\"https:\/\/stonoga.lublin.pl\/pl\/author\/adminstonoga\/\"}]}<\/script>\n<!-- \/ Yoast SEO plugin. -->","yoast_head_json":{"title":"Dzie\u0144 koszuli \ud83d\udc54 - Grupa Edukacyjna Stonoga w Lublinie","robots":{"index":"index","follow":"follow","max-snippet":"max-snippet:-1","max-image-preview":"max-image-preview:large","max-video-preview":"max-video-preview:-1"},"canonical":"https:\/\/stonoga.lublin.pl\/pl\/dzien-koszuli-\ud83d\udc54\/","og_locale":"pl_PL","og_type":"article","og_title":"Dzie\u0144 koszuli \ud83d\udc54 - Grupa Edukacyjna Stonoga w Lublinie","og_description":"W miniony poniedzia\u0142ek nasza szko\u0142a wype\u0142ni\u0142a si\u0119 kolorem, kreatywno\u015bci\u0105 i pozytywn\u0105 energi\u0105! Dzie\u0144 Koszuli by\u0142 \u015bwietn\u0105 okazj\u0105, by wyrazi\u0107 sw\u00f3j styl i wprowadzi\u0107 troch\u0119 luzu w codzienno\u015b\u0107. Uczniowie i nauczyciele pokazali, \u017ce moda nie zna granic \u2013 od eleganckich wzor\u00f3w po zabawne printy, ka\u017cda koszula mia\u0142a swoj\u0105 histori\u0119. Na zdj\u0119ciach wida\u0107 rado\u015b\u0107 i zaanga\u017cowanie, kt\u00f3re [&hellip;]","og_url":"https:\/\/stonoga.lublin.pl\/pl\/dzien-koszuli-\ud83d\udc54\/","og_site_name":"Grupa Edukacyjna Stonoga w Lublinie","article_published_time":"2025-01-16T07:27:09+00:00","og_image":[{"url":"https:\/\/static.xx.fbcdn.net\/images\/emoji.php\/v9\/t8c\/1\/16\/1f389.png","type":"","width":"","height":""}],"author":"AdminStonoga","twitter_card":"summary_large_image","twitter_misc":{"Napisane przez":"AdminStonoga","Szacowany czas czytania":"2 minuty"},"schema":{"@context":"https:\/\/schema.org","@graph":[{"@type":"WebPage","@id":"https:\/\/stonoga.lublin.pl\/pl\/dzien-koszuli-%f0%9f%91%94\/","url":"https:\/\/stonoga.lublin.pl\/pl\/dzien-koszuli-%f0%9f%91%94\/","name":"Dzie\u0144 koszuli \ud83d\udc54 - Grupa Edukacyjna Stonoga w Lublinie","isPartOf":{"@id":"https:\/\/stonoga.lublin.pl\/pl\/#website"},"primaryImageOfPage":{"@id":"https:\/\/stonoga.lublin.pl\/pl\/dzien-koszuli-%f0%9f%91%94\/#primaryimage"},"image":{"@id":"https:\/\/stonoga.lublin.pl\/pl\/dzien-koszuli-%f0%9f%91%94\/#primaryimage"},"thumbnailUrl":"https:\/\/static.xx.fbcdn.net\/images\/emoji.php\/v9\/t8c\/1\/16\/1f389.png","datePublished":"2025-01-16T07:27:09+00:00","author":{"@id":"https:\/\/stonoga.lublin.pl\/pl\/#\/schema\/person\/1b29956d0c3fd885abae5926cdd3beb6"},"breadcrumb":{"@id":"https:\/\/stonoga.lublin.pl\/pl\/dzien-koszuli-%f0%9f%91%94\/#breadcrumb"},"inLanguage":"pl-PL","potentialAction":[{"@type":"ReadAction","target":["https:\/\/stonoga.lublin.pl\/pl\/dzien-koszuli-%f0%9f%91%94\/"]}]},{"@type":"ImageObject","inLanguage":"pl-PL","@id":"https:\/\/stonoga.lublin.pl\/pl\/dzien-koszuli-%f0%9f%91%94\/#primaryimage","url":"https:\/\/static.xx.fbcdn.net\/images\/emoji.php\/v9\/t8c\/1\/16\/1f389.png","contentUrl":"https:\/\/static.xx.fbcdn.net\/images\/emoji.php\/v9\/t8c\/1\/16\/1f389.png"},{"@type":"BreadcrumbList","@id":"https:\/\/stonoga.lublin.pl\/pl\/dzien-koszuli-%f0%9f%91%94\/#breadcrumb","itemListElement":[{"@type":"ListItem","position":1,"name":"Strona g\u0142\u00f3wna","item":"https:\/\/stonoga.lublin.pl\/pl\/"},{"@type":"ListItem","position":2,"name":"Dzie\u0144 koszuli \ud83d\udc54"}]},{"@type":"WebSite","@id":"https:\/\/stonoga.lublin.pl\/pl\/#website","url":"https:\/\/stonoga.lublin.pl\/pl\/","name":"Grupa Edukacyjna Stonoga w Lublinie","description":"","potentialAction":[{"@type":"SearchAction","target":{"@type":"EntryPoint","urlTemplate":"https:\/\/stonoga.lublin.pl\/pl\/?s={search_term_string}"},"query-input":{"@type":"PropertyValueSpecification","valueRequired":true,"valueName":"search_term_string"}}],"inLanguage":"pl-PL"},{"@type":"Person","@id":"https:\/\/stonoga.lublin.pl\/pl\/#\/schema\/person\/1b29956d0c3fd885abae5926cdd3beb6","name":"AdminStonoga","image":{"@type":"ImageObject","inLanguage":"pl-PL","@id":"https:\/\/stonoga.lublin.pl\/pl\/#\/schema\/person\/image\/","url":"https:\/\/secure.gravatar.com\/avatar\/d745d9a36b2443c432906391c956b8c7b1c64d9ab3074197655c2e0fb9a3d316?s=96&d=mm&r=g","contentUrl":"https:\/\/secure.gravatar.com\/avatar\/d745d9a36b2443c432906391c956b8c7b1c64d9ab3074197655c2e0fb9a3d316?s=96&d=mm&r=g","caption":"AdminStonoga"},"url":"https:\/\/stonoga.lublin.pl\/pl\/author\/adminstonoga\/"}]}},"_links":{"self":[{"href":"https:\/\/stonoga.lublin.pl\/pl\/wp-json\/wp\/v2\/posts\/2358","targetHints":{"allow":["GET"]}}],"collection":[{"href":"https:\/\/stonoga.lublin.pl\/pl\/wp-json\/wp\/v2\/posts"}],"about":[{"href":"https:\/\/stonoga.lublin.pl\/pl\/wp-json\/wp\/v2\/types\/post"}],"author":[{"embeddable":true,"href":"https:\/\/stonoga.lublin.pl\/pl\/wp-json\/wp\/v2\/users\/3"}],"replies":[{"embeddable":true,"href":"https:\/\/stonoga.lublin.pl\/pl\/wp-json\/wp\/v2\/comments?post=2358"}],"version-history":[{"count":2,"href":"https:\/\/stonoga.lublin.pl\/pl\/wp-json\/wp\/v2\/posts\/2358\/revisions"}],"predecessor-version":[{"id":2360,"href":"https:\/\/stonoga.lublin.pl\/pl\/wp-json\/wp\/v2\/posts\/2358\/revisions\/2360"}],"wp:attachment":[{"href":"https:\/\/stonoga.lublin.pl\/pl\/wp-json\/wp\/v2\/media?parent=2358"}],"wp:term":[{"taxonomy":"category","embeddable":true,"href":"https:\/\/stonoga.lublin.pl\/pl\/wp-json\/wp\/v2\/categories?post=2358"},{"taxonomy":"post_tag","embeddable":true,"href":"https:\/\/stonoga.lublin.pl\/pl\/wp-json\/wp\/v2\/tags?post=2358"}],"curies":[{"name":"wp","href":"https:\/\/api.w.org\/{rel}","templated":true}]}}