{"id":2372,"date":"2024-12-24T10:00:28","date_gmt":"2024-12-24T10:00:28","guid":{"rendered":"https:\/\/stonoga.lublin.pl\/pl\/?p=2372"},"modified":"2025-01-16T08:21:29","modified_gmt":"2025-01-16T08:21:29","slug":"wesolych-swiat","status":"publish","type":"post","link":"https:\/\/stonoga.lublin.pl\/pl\/wesolych-swiat\/","title":{"rendered":"Weso\u0142ych \u015awi\u0105t!"},"content":{"rendered":"<p>\ud83c\udf84 Dyrekcja, nauczyciele i uczniowie naszej szko\u0142y sk\u0142adaj\u0105 serdeczne \u017cyczenia z okazji \u015awi\u0105t Bo\u017cego Narodzenia! \ud83c\udf1f Niech ten wyj\u0105tkowy czas przyniesie rado\u015b\u0107, spok\u00f3j i wiele pi\u0119knych chwil. \u2728<\/p>\n<div class=\"wp-playlist wp-video-playlist wp-playlist-light\">\n\t\t<video controls=\"controls\" preload=\"none\" width=\"1058\"\n\t\t height=\"1881\"\t><\/video>\n\t<div class=\"wp-playlist-next\"><\/div>\n\t<div class=\"wp-playlist-prev\"><\/div>\n\t<noscript>\n\t<ol>\n\t\t<li><a href='https:\/\/stonoga.lublin.pl\/pl\/wp-content\/uploads\/2025\/01\/zyczenia.mp4'>\u017cyczenia<\/a><\/li>\t<\/ol>\n\t<\/noscript>\n\t<script type=\"application\/json\" class=\"wp-playlist-script\">{\"type\":\"video\",\"tracklist\":true,\"tracknumbers\":true,\"images\":true,\"artists\":true,\"tracks\":[{\"src\":\"https:\/\/stonoga.lublin.pl\/pl\/wp-content\/uploads\/2025\/01\/zyczenia.mp4\",\"type\":\"video\/mp4\",\"title\":\"\\u017cyczenia\",\"caption\":\"\",\"description\":\"\",\"meta\":{\"length_formatted\":\"0:28\"},\"dimensions\":{\"original\":{\"width\":1080,\"height\":1920},\"resized\":{\"width\":1058,\"height\":1881}},\"image\":{\"src\":\"https:\/\/stonoga.lublin.pl\/pl\/wp-includes\/images\/media\/video.svg\",\"width\":48,\"height\":64},\"thumb\":{\"src\":\"https:\/\/stonoga.lublin.pl\/pl\/wp-includes\/images\/media\/video.svg\",\"width\":48,\"height\":64}}]}<\/script>\n<\/div>\n\t\n","protected":false},"excerpt":{"rendered":"<p>\ud83c\udf84 Dyrekcja, nauczyciele i uczniowie naszej szko\u0142y sk\u0142adaj\u0105 serdeczne \u017cyczenia z okazji \u015awi\u0105t Bo\u017cego Narodzenia! \ud83c\udf1f Niech ten wyj\u0105tkowy czas przyniesie rado\u015b\u0107, spok\u00f3j i wiele pi\u0119knych chwil. \u2728<\/p>\n","protected":false},"author":3,"featured_media":0,"comment_status":"open","ping_status":"open","sticky":false,"template":"","format":"video","meta":{"_acf_changed":false,"_et_pb_use_builder":"","_et_pb_old_content":"","_et_gb_content_width":"","footnotes":""},"categories":[7,13,8],"tags":[],"class_list":["post-2372","post","type-post","status-publish","format-video","hentry","category-aktualnosci-strona-glowna","category-szkola","category-szkola-skala","post_format-post-format-video"],"acf":[],"yoast_head":"<!-- This site is optimized with the Yoast SEO plugin v24.6 - https:\/\/yoast.com\/wordpress\/plugins\/seo\/ -->\n<title>Weso\u0142ych \u015awi\u0105t! - Grupa Edukacyjna Stonoga w Lublinie<\/title>\n<meta name=\"robots\" content=\"index, follow, max-snippet:-1, max-image-preview:large, max-video-preview:-1\" \/>\n<link rel=\"canonical\" href=\"https:\/\/stonoga.lublin.pl\/pl\/wesolych-swiat\/\" \/>\n<meta property=\"og:locale\" content=\"pl_PL\" \/>\n<meta property=\"og:type\" content=\"article\" \/>\n<meta property=\"og:title\" content=\"Weso\u0142ych \u015awi\u0105t! - Grupa Edukacyjna Stonoga w Lublinie\" \/>\n<meta property=\"og:description\" content=\"\ud83c\udf84 Dyrekcja, nauczyciele i uczniowie naszej szko\u0142y sk\u0142adaj\u0105 serdeczne \u017cyczenia z okazji \u015awi\u0105t Bo\u017cego Narodzenia! \ud83c\udf1f Niech ten wyj\u0105tkowy czas przyniesie rado\u015b\u0107, spok\u00f3j i wiele pi\u0119knych chwil. \u2728\" \/>\n<meta property=\"og:url\" content=\"https:\/\/stonoga.lublin.pl\/pl\/wesolych-swiat\/\" \/>\n<meta property=\"og:site_name\" content=\"Grupa Edukacyjna Stonoga w Lublinie\" \/>\n<meta property=\"article:published_time\" content=\"2024-12-24T10:00:28+00:00\" \/>\n<meta property=\"article:modified_time\" content=\"2025-01-16T08:21:29+00:00\" \/>\n<meta name=\"author\" content=\"AdminStonoga\" \/>\n<meta name=\"twitter:card\" content=\"summary_large_image\" \/>\n<meta name=\"twitter:label1\" content=\"Napisane przez\" \/>\n\t<meta name=\"twitter:data1\" content=\"AdminStonoga\" \/>\n\t<meta name=\"twitter:label2\" content=\"Szacowany czas czytania\" \/>\n\t<meta name=\"twitter:data2\" content=\"1 minuta\" \/>\n<script type=\"application\/ld+json\" class=\"yoast-schema-graph\">{\"@context\":\"https:\/\/schema.org\",\"@graph\":[{\"@type\":\"WebPage\",\"@id\":\"https:\/\/stonoga.lublin.pl\/pl\/wesolych-swiat\/\",\"url\":\"https:\/\/stonoga.lublin.pl\/pl\/wesolych-swiat\/\",\"name\":\"Weso\u0142ych \u015awi\u0105t! - Grupa Edukacyjna Stonoga w Lublinie\",\"isPartOf\":{\"@id\":\"https:\/\/stonoga.lublin.pl\/pl\/#website\"},\"datePublished\":\"2024-12-24T10:00:28+00:00\",\"dateModified\":\"2025-01-16T08:21:29+00:00\",\"author\":{\"@id\":\"https:\/\/stonoga.lublin.pl\/pl\/#\/schema\/person\/1b29956d0c3fd885abae5926cdd3beb6\"},\"breadcrumb\":{\"@id\":\"https:\/\/stonoga.lublin.pl\/pl\/wesolych-swiat\/#breadcrumb\"},\"inLanguage\":\"pl-PL\",\"potentialAction\":[{\"@type\":\"ReadAction\",\"target\":[\"https:\/\/stonoga.lublin.pl\/pl\/wesolych-swiat\/\"]}]},{\"@type\":\"BreadcrumbList\",\"@id\":\"https:\/\/stonoga.lublin.pl\/pl\/wesolych-swiat\/#breadcrumb\",\"itemListElement\":[{\"@type\":\"ListItem\",\"position\":1,\"name\":\"Strona g\u0142\u00f3wna\",\"item\":\"https:\/\/stonoga.lublin.pl\/pl\/\"},{\"@type\":\"ListItem\",\"position\":2,\"name\":\"Weso\u0142ych \u015awi\u0105t!\"}]},{\"@type\":\"WebSite\",\"@id\":\"https:\/\/stonoga.lublin.pl\/pl\/#website\",\"url\":\"https:\/\/stonoga.lublin.pl\/pl\/\",\"name\":\"Grupa Edukacyjna Stonoga w Lublinie\",\"description\":\"\",\"potentialAction\":[{\"@type\":\"SearchAction\",\"target\":{\"@type\":\"EntryPoint\",\"urlTemplate\":\"https:\/\/stonoga.lublin.pl\/pl\/?s={search_term_string}\"},\"query-input\":{\"@type\":\"PropertyValueSpecification\",\"valueRequired\":true,\"valueName\":\"search_term_string\"}}],\"inLanguage\":\"pl-PL\"},{\"@type\":\"Person\",\"@id\":\"https:\/\/stonoga.lublin.pl\/pl\/#\/schema\/person\/1b29956d0c3fd885abae5926cdd3beb6\",\"name\":\"AdminStonoga\",\"image\":{\"@type\":\"ImageObject\",\"inLanguage\":\"pl-PL\",\"@id\":\"https:\/\/stonoga.lublin.pl\/pl\/#\/schema\/person\/image\/\",\"url\":\"https:\/\/secure.gravatar.com\/avatar\/d745d9a36b2443c432906391c956b8c7b1c64d9ab3074197655c2e0fb9a3d316?s=96&d=mm&r=g\",\"contentUrl\":\"https:\/\/secure.gravatar.com\/avatar\/d745d9a36b2443c432906391c956b8c7b1c64d9ab3074197655c2e0fb9a3d316?s=96&d=mm&r=g\",\"caption\":\"AdminStonoga\"},\"url\":\"https:\/\/stonoga.lublin.pl\/pl\/author\/adminstonoga\/\"}]}<\/script>\n<!-- \/ Yoast SEO plugin. -->","yoast_head_json":{"title":"Weso\u0142ych \u015awi\u0105t! - Grupa Edukacyjna Stonoga w Lublinie","robots":{"index":"index","follow":"follow","max-snippet":"max-snippet:-1","max-image-preview":"max-image-preview:large","max-video-preview":"max-video-preview:-1"},"canonical":"https:\/\/stonoga.lublin.pl\/pl\/wesolych-swiat\/","og_locale":"pl_PL","og_type":"article","og_title":"Weso\u0142ych \u015awi\u0105t! - Grupa Edukacyjna Stonoga w Lublinie","og_description":"\ud83c\udf84 Dyrekcja, nauczyciele i uczniowie naszej szko\u0142y sk\u0142adaj\u0105 serdeczne \u017cyczenia z okazji \u015awi\u0105t Bo\u017cego Narodzenia! \ud83c\udf1f Niech ten wyj\u0105tkowy czas przyniesie rado\u015b\u0107, spok\u00f3j i wiele pi\u0119knych chwil. \u2728","og_url":"https:\/\/stonoga.lublin.pl\/pl\/wesolych-swiat\/","og_site_name":"Grupa Edukacyjna Stonoga w Lublinie","article_published_time":"2024-12-24T10:00:28+00:00","article_modified_time":"2025-01-16T08:21:29+00:00","author":"AdminStonoga","twitter_card":"summary_large_image","twitter_misc":{"Napisane przez":"AdminStonoga","Szacowany czas czytania":"1 minuta"},"schema":{"@context":"https:\/\/schema.org","@graph":[{"@type":"WebPage","@id":"https:\/\/stonoga.lublin.pl\/pl\/wesolych-swiat\/","url":"https:\/\/stonoga.lublin.pl\/pl\/wesolych-swiat\/","name":"Weso\u0142ych \u015awi\u0105t! - Grupa Edukacyjna Stonoga w Lublinie","isPartOf":{"@id":"https:\/\/stonoga.lublin.pl\/pl\/#website"},"datePublished":"2024-12-24T10:00:28+00:00","dateModified":"2025-01-16T08:21:29+00:00","author":{"@id":"https:\/\/stonoga.lublin.pl\/pl\/#\/schema\/person\/1b29956d0c3fd885abae5926cdd3beb6"},"breadcrumb":{"@id":"https:\/\/stonoga.lublin.pl\/pl\/wesolych-swiat\/#breadcrumb"},"inLanguage":"pl-PL","potentialAction":[{"@type":"ReadAction","target":["https:\/\/stonoga.lublin.pl\/pl\/wesolych-swiat\/"]}]},{"@type":"BreadcrumbList","@id":"https:\/\/stonoga.lublin.pl\/pl\/wesolych-swiat\/#breadcrumb","itemListElement":[{"@type":"ListItem","position":1,"name":"Strona g\u0142\u00f3wna","item":"https:\/\/stonoga.lublin.pl\/pl\/"},{"@type":"ListItem","position":2,"name":"Weso\u0142ych \u015awi\u0105t!"}]},{"@type":"WebSite","@id":"https:\/\/stonoga.lublin.pl\/pl\/#website","url":"https:\/\/stonoga.lublin.pl\/pl\/","name":"Grupa Edukacyjna Stonoga w Lublinie","description":"","potentialAction":[{"@type":"SearchAction","target":{"@type":"EntryPoint","urlTemplate":"https:\/\/stonoga.lublin.pl\/pl\/?s={search_term_string}"},"query-input":{"@type":"PropertyValueSpecification","valueRequired":true,"valueName":"search_term_string"}}],"inLanguage":"pl-PL"},{"@type":"Person","@id":"https:\/\/stonoga.lublin.pl\/pl\/#\/schema\/person\/1b29956d0c3fd885abae5926cdd3beb6","name":"AdminStonoga","image":{"@type":"ImageObject","inLanguage":"pl-PL","@id":"https:\/\/stonoga.lublin.pl\/pl\/#\/schema\/person\/image\/","url":"https:\/\/secure.gravatar.com\/avatar\/d745d9a36b2443c432906391c956b8c7b1c64d9ab3074197655c2e0fb9a3d316?s=96&d=mm&r=g","contentUrl":"https:\/\/secure.gravatar.com\/avatar\/d745d9a36b2443c432906391c956b8c7b1c64d9ab3074197655c2e0fb9a3d316?s=96&d=mm&r=g","caption":"AdminStonoga"},"url":"https:\/\/stonoga.lublin.pl\/pl\/author\/adminstonoga\/"}]}},"_links":{"self":[{"href":"https:\/\/stonoga.lublin.pl\/pl\/wp-json\/wp\/v2\/posts\/2372","targetHints":{"allow":["GET"]}}],"collection":[{"href":"https:\/\/stonoga.lublin.pl\/pl\/wp-json\/wp\/v2\/posts"}],"about":[{"href":"https:\/\/stonoga.lublin.pl\/pl\/wp-json\/wp\/v2\/types\/post"}],"author":[{"embeddable":true,"href":"https:\/\/stonoga.lublin.pl\/pl\/wp-json\/wp\/v2\/users\/3"}],"replies":[{"embeddable":true,"href":"https:\/\/stonoga.lublin.pl\/pl\/wp-json\/wp\/v2\/comments?post=2372"}],"version-history":[{"count":3,"href":"https:\/\/stonoga.lublin.pl\/pl\/wp-json\/wp\/v2\/posts\/2372\/revisions"}],"predecessor-version":[{"id":2374,"href":"https:\/\/stonoga.lublin.pl\/pl\/wp-json\/wp\/v2\/posts\/2372\/revisions\/2374"}],"wp:attachment":[{"href":"https:\/\/stonoga.lublin.pl\/pl\/wp-json\/wp\/v2\/media?parent=2372"}],"wp:term":[{"taxonomy":"category","embeddable":true,"href":"https:\/\/stonoga.lublin.pl\/pl\/wp-json\/wp\/v2\/categories?post=2372"},{"taxonomy":"post_tag","embeddable":true,"href":"https:\/\/stonoga.lublin.pl\/pl\/wp-json\/wp\/v2\/tags?post=2372"}],"curies":[{"name":"wp","href":"https:\/\/api.w.org\/{rel}","templated":true}]}}