{"id":2414,"date":"2025-04-22T11:00:43","date_gmt":"2025-04-22T11:00:43","guid":{"rendered":"https:\/\/stonoga.lublin.pl\/pl\/?p=2414"},"modified":"2025-05-20T17:14:14","modified_gmt":"2025-05-20T17:14:14","slug":"dzien-ziemi-%f0%9f%8c%8d","status":"publish","type":"post","link":"https:\/\/stonoga.lublin.pl\/pl\/dzien-ziemi-%f0%9f%8c%8d\/","title":{"rendered":"Dzie\u0144 Ziemi! \ud83c\udf0d"},"content":{"rendered":"<div class=\"xdj266r x11i5rnm xat24cr x1mh8g0r x1vvkbs x126k92a\">\n<div dir=\"auto\">Dzi\u015b Dzie\u0144 Ziemi!<span class=\"html-span xexx8yu x4uap5 x18d9i69 xkhd6sd x1hl2dhg x16tdsg8 x1vvkbs x3nfvp2 x1j61x8r x1fcty0u xdj266r xat24cr xgzva0m xhhsvwb xxymvpz xlup9mm x1kky2od\"><img loading=\"lazy\" decoding=\"async\" class=\"xz74otr x168nmei x13lgxp2 x5pf9jr xo71vjh\" src=\"https:\/\/static.xx.fbcdn.net\/images\/emoji.php\/v9\/t41\/1\/16\/1f30f.png\" alt=\"\ud83c\udf0f\" width=\"16\" height=\"16\" \/><\/span><\/div>\n<div dir=\"auto\">To \u015bwietna okazja, \u017ceby przypomnie\u0107, jak wiele zawdzi\u0119czamy naszej planecie \u2013 i jak wa\u017cne jest, by o ni\u0105 dba\u0107..<\/div>\n<\/div>\n<div class=\"x11i5rnm xat24cr x1mh8g0r x1vvkbs xtlvy1s x126k92a\">\n<div dir=\"auto\">Ma\u0142e gesty czyni\u0105 wielkie dzia\u0142ania:<\/div>\n<div dir=\"auto\">\u2013 segregujmy \u015bmieci,<\/div>\n<div dir=\"auto\">\u2013 oszcz\u0119dzajmy wod\u0119 i energi\u0119,<\/div>\n<div dir=\"auto\">\u2013 wybierajmy rower lub spacer zamiast auta,<\/div>\n<div dir=\"auto\">\u2013 sad\u017amy ro\u015bliny,&#8230; nie tylko w ogrodzie.<\/div>\n<\/div>\n<div class=\"x11i5rnm xat24cr x1mh8g0r x1vvkbs xtlvy1s x126k92a\">\n<div dir=\"auto\">Ziemia jest naszym wsp\u00f3lnym domem. Dbajmy o ni\u0105 ka\u017cdego dnia, nie tylko od \u015bwi\u0119ta!<span class=\"html-span xexx8yu x4uap5 x18d9i69 xkhd6sd x1hl2dhg x16tdsg8 x1vvkbs x3nfvp2 x1j61x8r x1fcty0u xdj266r xat24cr xgzva0m xhhsvwb xxymvpz xlup9mm x1kky2od\"><img loading=\"lazy\" decoding=\"async\" class=\"xz74otr x168nmei x13lgxp2 x5pf9jr xo71vjh\" src=\"https:\/\/static.xx.fbcdn.net\/images\/emoji.php\/v9\/t6f\/1\/16\/1f337.png\" alt=\"\ud83c\udf37\" width=\"16\" height=\"16\" \/><\/span><span class=\"html-span xexx8yu x4uap5 x18d9i69 xkhd6sd x1hl2dhg x16tdsg8 x1vvkbs x3nfvp2 x1j61x8r x1fcty0u xdj266r xat24cr xgzva0m xhhsvwb xxymvpz xlup9mm x1kky2od\"><img loading=\"lazy\" decoding=\"async\" class=\"xz74otr x168nmei x13lgxp2 x5pf9jr xo71vjh\" src=\"https:\/\/static.xx.fbcdn.net\/images\/emoji.php\/v9\/t1a\/1\/16\/1f33b.png\" alt=\"\ud83c\udf3b\" width=\"16\" height=\"16\" \/><\/span><span class=\"html-span xexx8yu x4uap5 x18d9i69 xkhd6sd x1hl2dhg x16tdsg8 x1vvkbs x3nfvp2 x1j61x8r x1fcty0u xdj266r xat24cr xgzva0m xhhsvwb xxymvpz xlup9mm x1kky2od\"><img loading=\"lazy\" decoding=\"async\" class=\"xz74otr x168nmei x13lgxp2 x5pf9jr xo71vjh\" src=\"https:\/\/static.xx.fbcdn.net\/images\/emoji.php\/v9\/t1e\/1\/16\/1f33f.png\" alt=\"\ud83c\udf3f\" width=\"16\" height=\"16\" \/><\/span><\/div>\n<\/div>\n<div dir=\"auto\"><img loading=\"lazy\" decoding=\"async\" class=\"aligncenter size-full wp-image-2413\" src=\"https:\/\/stonoga.lublin.pl\/pl\/wp-content\/uploads\/2025\/05\/492646668_1192283562908074_1765040138549877864_n.jpg\" alt=\"\" width=\"960\" height=\"640\" srcset=\"https:\/\/stonoga.lublin.pl\/pl\/wp-content\/uploads\/2025\/05\/492646668_1192283562908074_1765040138549877864_n.jpg 960w, https:\/\/stonoga.lublin.pl\/pl\/wp-content\/uploads\/2025\/05\/492646668_1192283562908074_1765040138549877864_n-480x320.jpg 480w\" sizes=\"auto, (min-width: 0px) and (max-width: 480px) 480px, (min-width: 481px) 960px, 100vw\" \/><\/div>\n","protected":false},"excerpt":{"rendered":"<p>Dzi\u015b Dzie\u0144 Ziemi! To \u015bwietna okazja, \u017ceby przypomnie\u0107, jak wiele zawdzi\u0119czamy naszej planecie \u2013 i jak wa\u017cne jest, by o ni\u0105 dba\u0107.. Ma\u0142e gesty czyni\u0105 wielkie dzia\u0142ania: \u2013 segregujmy \u015bmieci, \u2013 oszcz\u0119dzajmy wod\u0119 i energi\u0119, \u2013 wybierajmy rower lub spacer zamiast auta, \u2013 sad\u017amy ro\u015bliny,&#8230; nie tylko w ogrodzie. Ziemia jest naszym wsp\u00f3lnym domem. Dbajmy [&hellip;]<\/p>\n","protected":false},"author":3,"featured_media":0,"comment_status":"open","ping_status":"open","sticky":false,"template":"","format":"standard","meta":{"_acf_changed":false,"_et_pb_use_builder":"","_et_pb_old_content":"","_et_gb_content_width":"","footnotes":""},"categories":[7,13,8],"tags":[],"class_list":["post-2414","post","type-post","status-publish","format-standard","hentry","category-aktualnosci-strona-glowna","category-szkola","category-szkola-skala"],"acf":[],"yoast_head":"<!-- This site is optimized with the Yoast SEO plugin v24.6 - https:\/\/yoast.com\/wordpress\/plugins\/seo\/ -->\n<title>Dzie\u0144 Ziemi! \ud83c\udf0d - Grupa Edukacyjna Stonoga w Lublinie<\/title>\n<meta name=\"robots\" content=\"index, follow, max-snippet:-1, max-image-preview:large, max-video-preview:-1\" \/>\n<link rel=\"canonical\" href=\"https:\/\/stonoga.lublin.pl\/pl\/dzien-ziemi-\ud83c\udf0d\/\" \/>\n<meta property=\"og:locale\" content=\"pl_PL\" \/>\n<meta property=\"og:type\" content=\"article\" \/>\n<meta property=\"og:title\" content=\"Dzie\u0144 Ziemi! \ud83c\udf0d - Grupa Edukacyjna Stonoga w Lublinie\" \/>\n<meta property=\"og:description\" content=\"Dzi\u015b Dzie\u0144 Ziemi! To \u015bwietna okazja, \u017ceby przypomnie\u0107, jak wiele zawdzi\u0119czamy naszej planecie \u2013 i jak wa\u017cne jest, by o ni\u0105 dba\u0107.. Ma\u0142e gesty czyni\u0105 wielkie dzia\u0142ania: \u2013 segregujmy \u015bmieci, \u2013 oszcz\u0119dzajmy wod\u0119 i energi\u0119, \u2013 wybierajmy rower lub spacer zamiast auta, \u2013 sad\u017amy ro\u015bliny,&#8230; nie tylko w ogrodzie. Ziemia jest naszym wsp\u00f3lnym domem. Dbajmy [&hellip;]\" \/>\n<meta property=\"og:url\" content=\"https:\/\/stonoga.lublin.pl\/pl\/dzien-ziemi-\ud83c\udf0d\/\" \/>\n<meta property=\"og:site_name\" content=\"Grupa Edukacyjna Stonoga w Lublinie\" \/>\n<meta property=\"article:published_time\" content=\"2025-04-22T11:00:43+00:00\" \/>\n<meta property=\"article:modified_time\" content=\"2025-05-20T17:14:14+00:00\" \/>\n<meta property=\"og:image\" content=\"https:\/\/static.xx.fbcdn.net\/images\/emoji.php\/v9\/t41\/1\/16\/1f30f.png\" \/>\n<meta name=\"author\" content=\"AdminStonoga\" \/>\n<meta name=\"twitter:card\" content=\"summary_large_image\" \/>\n<meta name=\"twitter:label1\" content=\"Napisane przez\" \/>\n\t<meta name=\"twitter:data1\" content=\"AdminStonoga\" \/>\n\t<meta name=\"twitter:label2\" content=\"Szacowany czas czytania\" \/>\n\t<meta name=\"twitter:data2\" content=\"2 minuty\" \/>\n<script type=\"application\/ld+json\" class=\"yoast-schema-graph\">{\"@context\":\"https:\/\/schema.org\",\"@graph\":[{\"@type\":\"WebPage\",\"@id\":\"https:\/\/stonoga.lublin.pl\/pl\/dzien-ziemi-%f0%9f%8c%8d\/\",\"url\":\"https:\/\/stonoga.lublin.pl\/pl\/dzien-ziemi-%f0%9f%8c%8d\/\",\"name\":\"Dzie\u0144 Ziemi! \ud83c\udf0d - Grupa Edukacyjna Stonoga w Lublinie\",\"isPartOf\":{\"@id\":\"https:\/\/stonoga.lublin.pl\/pl\/#website\"},\"primaryImageOfPage\":{\"@id\":\"https:\/\/stonoga.lublin.pl\/pl\/dzien-ziemi-%f0%9f%8c%8d\/#primaryimage\"},\"image\":{\"@id\":\"https:\/\/stonoga.lublin.pl\/pl\/dzien-ziemi-%f0%9f%8c%8d\/#primaryimage\"},\"thumbnailUrl\":\"https:\/\/static.xx.fbcdn.net\/images\/emoji.php\/v9\/t41\/1\/16\/1f30f.png\",\"datePublished\":\"2025-04-22T11:00:43+00:00\",\"dateModified\":\"2025-05-20T17:14:14+00:00\",\"author\":{\"@id\":\"https:\/\/stonoga.lublin.pl\/pl\/#\/schema\/person\/1b29956d0c3fd885abae5926cdd3beb6\"},\"breadcrumb\":{\"@id\":\"https:\/\/stonoga.lublin.pl\/pl\/dzien-ziemi-%f0%9f%8c%8d\/#breadcrumb\"},\"inLanguage\":\"pl-PL\",\"potentialAction\":[{\"@type\":\"ReadAction\",\"target\":[\"https:\/\/stonoga.lublin.pl\/pl\/dzien-ziemi-%f0%9f%8c%8d\/\"]}]},{\"@type\":\"ImageObject\",\"inLanguage\":\"pl-PL\",\"@id\":\"https:\/\/stonoga.lublin.pl\/pl\/dzien-ziemi-%f0%9f%8c%8d\/#primaryimage\",\"url\":\"https:\/\/static.xx.fbcdn.net\/images\/emoji.php\/v9\/t41\/1\/16\/1f30f.png\",\"contentUrl\":\"https:\/\/static.xx.fbcdn.net\/images\/emoji.php\/v9\/t41\/1\/16\/1f30f.png\"},{\"@type\":\"BreadcrumbList\",\"@id\":\"https:\/\/stonoga.lublin.pl\/pl\/dzien-ziemi-%f0%9f%8c%8d\/#breadcrumb\",\"itemListElement\":[{\"@type\":\"ListItem\",\"position\":1,\"name\":\"Strona g\u0142\u00f3wna\",\"item\":\"https:\/\/stonoga.lublin.pl\/pl\/\"},{\"@type\":\"ListItem\",\"position\":2,\"name\":\"Dzie\u0144 Ziemi! \ud83c\udf0d\"}]},{\"@type\":\"WebSite\",\"@id\":\"https:\/\/stonoga.lublin.pl\/pl\/#website\",\"url\":\"https:\/\/stonoga.lublin.pl\/pl\/\",\"name\":\"Grupa Edukacyjna Stonoga w Lublinie\",\"description\":\"\",\"potentialAction\":[{\"@type\":\"SearchAction\",\"target\":{\"@type\":\"EntryPoint\",\"urlTemplate\":\"https:\/\/stonoga.lublin.pl\/pl\/?s={search_term_string}\"},\"query-input\":{\"@type\":\"PropertyValueSpecification\",\"valueRequired\":true,\"valueName\":\"search_term_string\"}}],\"inLanguage\":\"pl-PL\"},{\"@type\":\"Person\",\"@id\":\"https:\/\/stonoga.lublin.pl\/pl\/#\/schema\/person\/1b29956d0c3fd885abae5926cdd3beb6\",\"name\":\"AdminStonoga\",\"image\":{\"@type\":\"ImageObject\",\"inLanguage\":\"pl-PL\",\"@id\":\"https:\/\/stonoga.lublin.pl\/pl\/#\/schema\/person\/image\/\",\"url\":\"https:\/\/secure.gravatar.com\/avatar\/d745d9a36b2443c432906391c956b8c7b1c64d9ab3074197655c2e0fb9a3d316?s=96&d=mm&r=g\",\"contentUrl\":\"https:\/\/secure.gravatar.com\/avatar\/d745d9a36b2443c432906391c956b8c7b1c64d9ab3074197655c2e0fb9a3d316?s=96&d=mm&r=g\",\"caption\":\"AdminStonoga\"},\"url\":\"https:\/\/stonoga.lublin.pl\/pl\/author\/adminstonoga\/\"}]}<\/script>\n<!-- \/ Yoast SEO plugin. -->","yoast_head_json":{"title":"Dzie\u0144 Ziemi! \ud83c\udf0d - Grupa Edukacyjna Stonoga w Lublinie","robots":{"index":"index","follow":"follow","max-snippet":"max-snippet:-1","max-image-preview":"max-image-preview:large","max-video-preview":"max-video-preview:-1"},"canonical":"https:\/\/stonoga.lublin.pl\/pl\/dzien-ziemi-\ud83c\udf0d\/","og_locale":"pl_PL","og_type":"article","og_title":"Dzie\u0144 Ziemi! \ud83c\udf0d - Grupa Edukacyjna Stonoga w Lublinie","og_description":"Dzi\u015b Dzie\u0144 Ziemi! To \u015bwietna okazja, \u017ceby przypomnie\u0107, jak wiele zawdzi\u0119czamy naszej planecie \u2013 i jak wa\u017cne jest, by o ni\u0105 dba\u0107.. Ma\u0142e gesty czyni\u0105 wielkie dzia\u0142ania: \u2013 segregujmy \u015bmieci, \u2013 oszcz\u0119dzajmy wod\u0119 i energi\u0119, \u2013 wybierajmy rower lub spacer zamiast auta, \u2013 sad\u017amy ro\u015bliny,&#8230; nie tylko w ogrodzie. Ziemia jest naszym wsp\u00f3lnym domem. Dbajmy [&hellip;]","og_url":"https:\/\/stonoga.lublin.pl\/pl\/dzien-ziemi-\ud83c\udf0d\/","og_site_name":"Grupa Edukacyjna Stonoga w Lublinie","article_published_time":"2025-04-22T11:00:43+00:00","article_modified_time":"2025-05-20T17:14:14+00:00","og_image":[{"url":"https:\/\/static.xx.fbcdn.net\/images\/emoji.php\/v9\/t41\/1\/16\/1f30f.png","type":"","width":"","height":""}],"author":"AdminStonoga","twitter_card":"summary_large_image","twitter_misc":{"Napisane przez":"AdminStonoga","Szacowany czas czytania":"2 minuty"},"schema":{"@context":"https:\/\/schema.org","@graph":[{"@type":"WebPage","@id":"https:\/\/stonoga.lublin.pl\/pl\/dzien-ziemi-%f0%9f%8c%8d\/","url":"https:\/\/stonoga.lublin.pl\/pl\/dzien-ziemi-%f0%9f%8c%8d\/","name":"Dzie\u0144 Ziemi! \ud83c\udf0d - Grupa Edukacyjna Stonoga w Lublinie","isPartOf":{"@id":"https:\/\/stonoga.lublin.pl\/pl\/#website"},"primaryImageOfPage":{"@id":"https:\/\/stonoga.lublin.pl\/pl\/dzien-ziemi-%f0%9f%8c%8d\/#primaryimage"},"image":{"@id":"https:\/\/stonoga.lublin.pl\/pl\/dzien-ziemi-%f0%9f%8c%8d\/#primaryimage"},"thumbnailUrl":"https:\/\/static.xx.fbcdn.net\/images\/emoji.php\/v9\/t41\/1\/16\/1f30f.png","datePublished":"2025-04-22T11:00:43+00:00","dateModified":"2025-05-20T17:14:14+00:00","author":{"@id":"https:\/\/stonoga.lublin.pl\/pl\/#\/schema\/person\/1b29956d0c3fd885abae5926cdd3beb6"},"breadcrumb":{"@id":"https:\/\/stonoga.lublin.pl\/pl\/dzien-ziemi-%f0%9f%8c%8d\/#breadcrumb"},"inLanguage":"pl-PL","potentialAction":[{"@type":"ReadAction","target":["https:\/\/stonoga.lublin.pl\/pl\/dzien-ziemi-%f0%9f%8c%8d\/"]}]},{"@type":"ImageObject","inLanguage":"pl-PL","@id":"https:\/\/stonoga.lublin.pl\/pl\/dzien-ziemi-%f0%9f%8c%8d\/#primaryimage","url":"https:\/\/static.xx.fbcdn.net\/images\/emoji.php\/v9\/t41\/1\/16\/1f30f.png","contentUrl":"https:\/\/static.xx.fbcdn.net\/images\/emoji.php\/v9\/t41\/1\/16\/1f30f.png"},{"@type":"BreadcrumbList","@id":"https:\/\/stonoga.lublin.pl\/pl\/dzien-ziemi-%f0%9f%8c%8d\/#breadcrumb","itemListElement":[{"@type":"ListItem","position":1,"name":"Strona g\u0142\u00f3wna","item":"https:\/\/stonoga.lublin.pl\/pl\/"},{"@type":"ListItem","position":2,"name":"Dzie\u0144 Ziemi! \ud83c\udf0d"}]},{"@type":"WebSite","@id":"https:\/\/stonoga.lublin.pl\/pl\/#website","url":"https:\/\/stonoga.lublin.pl\/pl\/","name":"Grupa Edukacyjna Stonoga w Lublinie","description":"","potentialAction":[{"@type":"SearchAction","target":{"@type":"EntryPoint","urlTemplate":"https:\/\/stonoga.lublin.pl\/pl\/?s={search_term_string}"},"query-input":{"@type":"PropertyValueSpecification","valueRequired":true,"valueName":"search_term_string"}}],"inLanguage":"pl-PL"},{"@type":"Person","@id":"https:\/\/stonoga.lublin.pl\/pl\/#\/schema\/person\/1b29956d0c3fd885abae5926cdd3beb6","name":"AdminStonoga","image":{"@type":"ImageObject","inLanguage":"pl-PL","@id":"https:\/\/stonoga.lublin.pl\/pl\/#\/schema\/person\/image\/","url":"https:\/\/secure.gravatar.com\/avatar\/d745d9a36b2443c432906391c956b8c7b1c64d9ab3074197655c2e0fb9a3d316?s=96&d=mm&r=g","contentUrl":"https:\/\/secure.gravatar.com\/avatar\/d745d9a36b2443c432906391c956b8c7b1c64d9ab3074197655c2e0fb9a3d316?s=96&d=mm&r=g","caption":"AdminStonoga"},"url":"https:\/\/stonoga.lublin.pl\/pl\/author\/adminstonoga\/"}]}},"_links":{"self":[{"href":"https:\/\/stonoga.lublin.pl\/pl\/wp-json\/wp\/v2\/posts\/2414","targetHints":{"allow":["GET"]}}],"collection":[{"href":"https:\/\/stonoga.lublin.pl\/pl\/wp-json\/wp\/v2\/posts"}],"about":[{"href":"https:\/\/stonoga.lublin.pl\/pl\/wp-json\/wp\/v2\/types\/post"}],"author":[{"embeddable":true,"href":"https:\/\/stonoga.lublin.pl\/pl\/wp-json\/wp\/v2\/users\/3"}],"replies":[{"embeddable":true,"href":"https:\/\/stonoga.lublin.pl\/pl\/wp-json\/wp\/v2\/comments?post=2414"}],"version-history":[{"count":1,"href":"https:\/\/stonoga.lublin.pl\/pl\/wp-json\/wp\/v2\/posts\/2414\/revisions"}],"predecessor-version":[{"id":2415,"href":"https:\/\/stonoga.lublin.pl\/pl\/wp-json\/wp\/v2\/posts\/2414\/revisions\/2415"}],"wp:attachment":[{"href":"https:\/\/stonoga.lublin.pl\/pl\/wp-json\/wp\/v2\/media?parent=2414"}],"wp:term":[{"taxonomy":"category","embeddable":true,"href":"https:\/\/stonoga.lublin.pl\/pl\/wp-json\/wp\/v2\/categories?post=2414"},{"taxonomy":"post_tag","embeddable":true,"href":"https:\/\/stonoga.lublin.pl\/pl\/wp-json\/wp\/v2\/tags?post=2414"}],"curies":[{"name":"wp","href":"https:\/\/api.w.org\/{rel}","templated":true}]}}