{"id":2418,"date":"2025-04-18T11:00:08","date_gmt":"2025-04-18T11:00:08","guid":{"rendered":"https:\/\/stonoga.lublin.pl\/pl\/?p=2418"},"modified":"2025-05-20T17:13:51","modified_gmt":"2025-05-20T17:13:51","slug":"%f0%9f%90%a3%f0%9f%8c%b7radosnych-swiat-wielkanocnych-%f0%9f%8c%b7%f0%9f%90%a3","status":"publish","type":"post","link":"https:\/\/stonoga.lublin.pl\/pl\/%f0%9f%90%a3%f0%9f%8c%b7radosnych-swiat-wielkanocnych-%f0%9f%8c%b7%f0%9f%90%a3\/","title":{"rendered":"\ud83d\udc23\ud83c\udf37Radosnych \u015awi\u0105t Wielkanocnych! \ud83c\udf37\ud83d\udc23"},"content":{"rendered":"<div class=\"xdj266r x11i5rnm xat24cr x1mh8g0r x1vvkbs x126k92a\">\n<div dir=\"auto\">Z okazji \u015awi\u0105t Wielkiej Nocy \u017cyczymy wszystkim Uczniom, Rodzicom, Nauczycielom i Przyjacio\u0142om naszej szko\u0142y:<\/div>\n<\/div>\n<div class=\"x11i5rnm xat24cr x1mh8g0r x1vvkbs xtlvy1s x126k92a\">\n<div dir=\"auto\"><span class=\"html-span xexx8yu x4uap5 x18d9i69 xkhd6sd x1hl2dhg x16tdsg8 x1vvkbs x3nfvp2 x1j61x8r x1fcty0u xdj266r xat24cr xgzva0m xhhsvwb xxymvpz xlup9mm x1kky2od\"><img loading=\"lazy\" decoding=\"async\" class=\"xz74otr x168nmei x13lgxp2 x5pf9jr xo71vjh\" src=\"https:\/\/static.xx.fbcdn.net\/images\/emoji.php\/v9\/t5f\/1\/16\/1f31e.png\" alt=\"\ud83c\udf1e\" width=\"16\" height=\"16\" \/><\/span> tyle rado\u015bci i u\u015bmiechu, ile codziennie widzimy na twarzach naszych dzieci,<\/div>\n<div dir=\"auto\"><span class=\"html-span xexx8yu x4uap5 x18d9i69 xkhd6sd x1hl2dhg x16tdsg8 x1vvkbs x3nfvp2 x1j61x8r x1fcty0u xdj266r xat24cr xgzva0m xhhsvwb xxymvpz xlup9mm x1kky2od\"><img loading=\"lazy\" decoding=\"async\" class=\"xz74otr x168nmei x13lgxp2 x5pf9jr xo71vjh\" src=\"https:\/\/static.xx.fbcdn.net\/images\/emoji.php\/v9\/tf0\/1\/16\/1f338.png\" alt=\"\ud83c\udf38\" width=\"16\" height=\"16\" \/><\/span> chwili wytchnienia przy \u015bwi\u0105tecznym stole,<\/div>\n<div dir=\"auto\"><span class=\"html-span xexx8yu x4uap5 x18d9i69 xkhd6sd x1hl2dhg x16tdsg8 x1vvkbs x3nfvp2 x1j61x8r x1fcty0u xdj266r xat24cr xgzva0m xhhsvwb xxymvpz xlup9mm x1kky2od\"><img loading=\"lazy\" decoding=\"async\" class=\"xz74otr x168nmei x13lgxp2 x5pf9jr xo71vjh\" src=\"https:\/\/static.xx.fbcdn.net\/images\/emoji.php\/v9\/t15\/1\/16\/1f49b.png\" alt=\"\ud83d\udc9b\" width=\"16\" height=\"16\" \/><\/span> rodzinnego ciep\u0142a i nadziei, kt\u00f3r\u0105 niesie ten wyj\u0105tkowy czas.<\/div>\n<\/div>\n<div class=\"x11i5rnm xat24cr x1mh8g0r x1vvkbs xtlvy1s x126k92a\">\n<div dir=\"auto\">Niech te \u015awi\u0119ta b\u0119d\u0105 pe\u0142ne kolor\u00f3w, oddechu i ma\u0142ych cud\u00f3w\u2026<\/div>\n<\/div>\n<div class=\"x11i5rnm xat24cr x1mh8g0r x1vvkbs xtlvy1s x126k92a\">\n<div dir=\"auto\"><span class=\"html-span xexx8yu x4uap5 x18d9i69 xkhd6sd x1hl2dhg x16tdsg8 x1vvkbs x3nfvp2 x1j61x8r x1fcty0u xdj266r xat24cr xgzva0m xhhsvwb xxymvpz xlup9mm x1kky2od\"><img loading=\"lazy\" decoding=\"async\" class=\"xz74otr x168nmei x13lgxp2 x5pf9jr xo71vjh\" src=\"https:\/\/static.xx.fbcdn.net\/images\/emoji.php\/v9\/t29\/1\/16\/1f430.png\" alt=\"\ud83d\udc30\" width=\"16\" height=\"16\" \/><\/span><span class=\"html-span xexx8yu x4uap5 x18d9i69 xkhd6sd x1hl2dhg x16tdsg8 x1vvkbs x3nfvp2 x1j61x8r x1fcty0u xdj266r xat24cr xgzva0m xhhsvwb xxymvpz xlup9mm x1kky2od\"><img loading=\"lazy\" decoding=\"async\" class=\"xz74otr x168nmei x13lgxp2 x5pf9jr xo71vjh\" src=\"https:\/\/static.xx.fbcdn.net\/images\/emoji.php\/v9\/t5d\/1\/16\/1f95a.png\" alt=\"\ud83e\udd5a\" width=\"16\" height=\"16\" \/><\/span><span class=\"html-span xexx8yu x4uap5 x18d9i69 xkhd6sd x1hl2dhg x16tdsg8 x1vvkbs x3nfvp2 x1j61x8r x1fcty0u xdj266r xat24cr xgzva0m xhhsvwb xxymvpz xlup9mm x1kky2od\"><img loading=\"lazy\" decoding=\"async\" class=\"xz74otr x168nmei x13lgxp2 x5pf9jr xo71vjh\" src=\"https:\/\/static.xx.fbcdn.net\/images\/emoji.php\/v9\/t1e\/1\/16\/1f33f.png\" alt=\"\ud83c\udf3f\" width=\"16\" height=\"16\" \/><\/span><img loading=\"lazy\" decoding=\"async\" class=\"aligncenter size-full wp-image-2417\" src=\"https:\/\/stonoga.lublin.pl\/pl\/wp-content\/uploads\/2025\/05\/498186896_1214343210702109_3985367581627584995_n.jpg\" alt=\"\" width=\"720\" height=\"938\" srcset=\"https:\/\/stonoga.lublin.pl\/pl\/wp-content\/uploads\/2025\/05\/498186896_1214343210702109_3985367581627584995_n.jpg 720w, https:\/\/stonoga.lublin.pl\/pl\/wp-content\/uploads\/2025\/05\/498186896_1214343210702109_3985367581627584995_n-480x625.jpg 480w\" sizes=\"auto, (min-width: 0px) and (max-width: 480px) 480px, (min-width: 481px) 720px, 100vw\" \/><\/div>\n<\/div>\n","protected":false},"excerpt":{"rendered":"<p>Z okazji \u015awi\u0105t Wielkiej Nocy \u017cyczymy wszystkim Uczniom, Rodzicom, Nauczycielom i Przyjacio\u0142om naszej szko\u0142y: tyle rado\u015bci i u\u015bmiechu, ile codziennie widzimy na twarzach naszych dzieci, chwili wytchnienia przy \u015bwi\u0105tecznym stole, rodzinnego ciep\u0142a i nadziei, kt\u00f3r\u0105 niesie ten wyj\u0105tkowy czas. Niech te \u015awi\u0119ta b\u0119d\u0105 pe\u0142ne kolor\u00f3w, oddechu i ma\u0142ych cud\u00f3w\u2026<\/p>\n","protected":false},"author":3,"featured_media":0,"comment_status":"open","ping_status":"open","sticky":false,"template":"","format":"standard","meta":{"_acf_changed":false,"_et_pb_use_builder":"","_et_pb_old_content":"","_et_gb_content_width":"","footnotes":""},"categories":[7,13,8],"tags":[],"class_list":["post-2418","post","type-post","status-publish","format-standard","hentry","category-aktualnosci-strona-glowna","category-szkola","category-szkola-skala"],"acf":[],"yoast_head":"<!-- This site is optimized with the Yoast SEO plugin v24.6 - https:\/\/yoast.com\/wordpress\/plugins\/seo\/ -->\n<title>\ud83d\udc23\ud83c\udf37Radosnych \u015awi\u0105t Wielkanocnych! \ud83c\udf37\ud83d\udc23 - Grupa Edukacyjna Stonoga w Lublinie<\/title>\n<meta name=\"robots\" content=\"index, follow, max-snippet:-1, max-image-preview:large, max-video-preview:-1\" \/>\n<link rel=\"canonical\" href=\"https:\/\/stonoga.lublin.pl\/pl\/\ud83d\udc23\ud83c\udf37radosnych-swiat-wielkanocnych-\ud83c\udf37\ud83d\udc23\/\" \/>\n<meta property=\"og:locale\" content=\"pl_PL\" \/>\n<meta property=\"og:type\" content=\"article\" \/>\n<meta property=\"og:title\" content=\"\ud83d\udc23\ud83c\udf37Radosnych \u015awi\u0105t Wielkanocnych! \ud83c\udf37\ud83d\udc23 - Grupa Edukacyjna Stonoga w Lublinie\" \/>\n<meta property=\"og:description\" content=\"Z okazji \u015awi\u0105t Wielkiej Nocy \u017cyczymy wszystkim Uczniom, Rodzicom, Nauczycielom i Przyjacio\u0142om naszej szko\u0142y: tyle rado\u015bci i u\u015bmiechu, ile codziennie widzimy na twarzach naszych dzieci, chwili wytchnienia przy \u015bwi\u0105tecznym stole, rodzinnego ciep\u0142a i nadziei, kt\u00f3r\u0105 niesie ten wyj\u0105tkowy czas. Niech te \u015awi\u0119ta b\u0119d\u0105 pe\u0142ne kolor\u00f3w, oddechu i ma\u0142ych cud\u00f3w\u2026\" \/>\n<meta property=\"og:url\" content=\"https:\/\/stonoga.lublin.pl\/pl\/\ud83d\udc23\ud83c\udf37radosnych-swiat-wielkanocnych-\ud83c\udf37\ud83d\udc23\/\" \/>\n<meta property=\"og:site_name\" content=\"Grupa Edukacyjna Stonoga w Lublinie\" \/>\n<meta property=\"article:published_time\" content=\"2025-04-18T11:00:08+00:00\" \/>\n<meta property=\"article:modified_time\" content=\"2025-05-20T17:13:51+00:00\" \/>\n<meta property=\"og:image\" content=\"https:\/\/static.xx.fbcdn.net\/images\/emoji.php\/v9\/t5f\/1\/16\/1f31e.png\" \/>\n<meta name=\"author\" content=\"AdminStonoga\" \/>\n<meta name=\"twitter:card\" content=\"summary_large_image\" \/>\n<meta name=\"twitter:label1\" content=\"Napisane przez\" \/>\n\t<meta name=\"twitter:data1\" content=\"AdminStonoga\" \/>\n\t<meta name=\"twitter:label2\" content=\"Szacowany czas czytania\" \/>\n\t<meta name=\"twitter:data2\" content=\"2 minuty\" \/>\n<script type=\"application\/ld+json\" class=\"yoast-schema-graph\">{\"@context\":\"https:\/\/schema.org\",\"@graph\":[{\"@type\":\"WebPage\",\"@id\":\"https:\/\/stonoga.lublin.pl\/pl\/%f0%9f%90%a3%f0%9f%8c%b7radosnych-swiat-wielkanocnych-%f0%9f%8c%b7%f0%9f%90%a3\/\",\"url\":\"https:\/\/stonoga.lublin.pl\/pl\/%f0%9f%90%a3%f0%9f%8c%b7radosnych-swiat-wielkanocnych-%f0%9f%8c%b7%f0%9f%90%a3\/\",\"name\":\"\ud83d\udc23\ud83c\udf37Radosnych \u015awi\u0105t Wielkanocnych! \ud83c\udf37\ud83d\udc23 - Grupa Edukacyjna Stonoga w Lublinie\",\"isPartOf\":{\"@id\":\"https:\/\/stonoga.lublin.pl\/pl\/#website\"},\"primaryImageOfPage\":{\"@id\":\"https:\/\/stonoga.lublin.pl\/pl\/%f0%9f%90%a3%f0%9f%8c%b7radosnych-swiat-wielkanocnych-%f0%9f%8c%b7%f0%9f%90%a3\/#primaryimage\"},\"image\":{\"@id\":\"https:\/\/stonoga.lublin.pl\/pl\/%f0%9f%90%a3%f0%9f%8c%b7radosnych-swiat-wielkanocnych-%f0%9f%8c%b7%f0%9f%90%a3\/#primaryimage\"},\"thumbnailUrl\":\"https:\/\/static.xx.fbcdn.net\/images\/emoji.php\/v9\/t5f\/1\/16\/1f31e.png\",\"datePublished\":\"2025-04-18T11:00:08+00:00\",\"dateModified\":\"2025-05-20T17:13:51+00:00\",\"author\":{\"@id\":\"https:\/\/stonoga.lublin.pl\/pl\/#\/schema\/person\/1b29956d0c3fd885abae5926cdd3beb6\"},\"breadcrumb\":{\"@id\":\"https:\/\/stonoga.lublin.pl\/pl\/%f0%9f%90%a3%f0%9f%8c%b7radosnych-swiat-wielkanocnych-%f0%9f%8c%b7%f0%9f%90%a3\/#breadcrumb\"},\"inLanguage\":\"pl-PL\",\"potentialAction\":[{\"@type\":\"ReadAction\",\"target\":[\"https:\/\/stonoga.lublin.pl\/pl\/%f0%9f%90%a3%f0%9f%8c%b7radosnych-swiat-wielkanocnych-%f0%9f%8c%b7%f0%9f%90%a3\/\"]}]},{\"@type\":\"ImageObject\",\"inLanguage\":\"pl-PL\",\"@id\":\"https:\/\/stonoga.lublin.pl\/pl\/%f0%9f%90%a3%f0%9f%8c%b7radosnych-swiat-wielkanocnych-%f0%9f%8c%b7%f0%9f%90%a3\/#primaryimage\",\"url\":\"https:\/\/static.xx.fbcdn.net\/images\/emoji.php\/v9\/t5f\/1\/16\/1f31e.png\",\"contentUrl\":\"https:\/\/static.xx.fbcdn.net\/images\/emoji.php\/v9\/t5f\/1\/16\/1f31e.png\"},{\"@type\":\"BreadcrumbList\",\"@id\":\"https:\/\/stonoga.lublin.pl\/pl\/%f0%9f%90%a3%f0%9f%8c%b7radosnych-swiat-wielkanocnych-%f0%9f%8c%b7%f0%9f%90%a3\/#breadcrumb\",\"itemListElement\":[{\"@type\":\"ListItem\",\"position\":1,\"name\":\"Strona g\u0142\u00f3wna\",\"item\":\"https:\/\/stonoga.lublin.pl\/pl\/\"},{\"@type\":\"ListItem\",\"position\":2,\"name\":\"\ud83d\udc23\ud83c\udf37Radosnych \u015awi\u0105t Wielkanocnych! \ud83c\udf37\ud83d\udc23\"}]},{\"@type\":\"WebSite\",\"@id\":\"https:\/\/stonoga.lublin.pl\/pl\/#website\",\"url\":\"https:\/\/stonoga.lublin.pl\/pl\/\",\"name\":\"Grupa Edukacyjna Stonoga w Lublinie\",\"description\":\"\",\"potentialAction\":[{\"@type\":\"SearchAction\",\"target\":{\"@type\":\"EntryPoint\",\"urlTemplate\":\"https:\/\/stonoga.lublin.pl\/pl\/?s={search_term_string}\"},\"query-input\":{\"@type\":\"PropertyValueSpecification\",\"valueRequired\":true,\"valueName\":\"search_term_string\"}}],\"inLanguage\":\"pl-PL\"},{\"@type\":\"Person\",\"@id\":\"https:\/\/stonoga.lublin.pl\/pl\/#\/schema\/person\/1b29956d0c3fd885abae5926cdd3beb6\",\"name\":\"AdminStonoga\",\"image\":{\"@type\":\"ImageObject\",\"inLanguage\":\"pl-PL\",\"@id\":\"https:\/\/stonoga.lublin.pl\/pl\/#\/schema\/person\/image\/\",\"url\":\"https:\/\/secure.gravatar.com\/avatar\/d745d9a36b2443c432906391c956b8c7b1c64d9ab3074197655c2e0fb9a3d316?s=96&d=mm&r=g\",\"contentUrl\":\"https:\/\/secure.gravatar.com\/avatar\/d745d9a36b2443c432906391c956b8c7b1c64d9ab3074197655c2e0fb9a3d316?s=96&d=mm&r=g\",\"caption\":\"AdminStonoga\"},\"url\":\"https:\/\/stonoga.lublin.pl\/pl\/author\/adminstonoga\/\"}]}<\/script>\n<!-- \/ Yoast SEO plugin. -->","yoast_head_json":{"title":"\ud83d\udc23\ud83c\udf37Radosnych \u015awi\u0105t Wielkanocnych! \ud83c\udf37\ud83d\udc23 - Grupa Edukacyjna Stonoga w Lublinie","robots":{"index":"index","follow":"follow","max-snippet":"max-snippet:-1","max-image-preview":"max-image-preview:large","max-video-preview":"max-video-preview:-1"},"canonical":"https:\/\/stonoga.lublin.pl\/pl\/\ud83d\udc23\ud83c\udf37radosnych-swiat-wielkanocnych-\ud83c\udf37\ud83d\udc23\/","og_locale":"pl_PL","og_type":"article","og_title":"\ud83d\udc23\ud83c\udf37Radosnych \u015awi\u0105t Wielkanocnych! \ud83c\udf37\ud83d\udc23 - Grupa Edukacyjna Stonoga w Lublinie","og_description":"Z okazji \u015awi\u0105t Wielkiej Nocy \u017cyczymy wszystkim Uczniom, Rodzicom, Nauczycielom i Przyjacio\u0142om naszej szko\u0142y: tyle rado\u015bci i u\u015bmiechu, ile codziennie widzimy na twarzach naszych dzieci, chwili wytchnienia przy \u015bwi\u0105tecznym stole, rodzinnego ciep\u0142a i nadziei, kt\u00f3r\u0105 niesie ten wyj\u0105tkowy czas. Niech te \u015awi\u0119ta b\u0119d\u0105 pe\u0142ne kolor\u00f3w, oddechu i ma\u0142ych cud\u00f3w\u2026","og_url":"https:\/\/stonoga.lublin.pl\/pl\/\ud83d\udc23\ud83c\udf37radosnych-swiat-wielkanocnych-\ud83c\udf37\ud83d\udc23\/","og_site_name":"Grupa Edukacyjna Stonoga w Lublinie","article_published_time":"2025-04-18T11:00:08+00:00","article_modified_time":"2025-05-20T17:13:51+00:00","og_image":[{"url":"https:\/\/static.xx.fbcdn.net\/images\/emoji.php\/v9\/t5f\/1\/16\/1f31e.png","type":"","width":"","height":""}],"author":"AdminStonoga","twitter_card":"summary_large_image","twitter_misc":{"Napisane przez":"AdminStonoga","Szacowany czas czytania":"2 minuty"},"schema":{"@context":"https:\/\/schema.org","@graph":[{"@type":"WebPage","@id":"https:\/\/stonoga.lublin.pl\/pl\/%f0%9f%90%a3%f0%9f%8c%b7radosnych-swiat-wielkanocnych-%f0%9f%8c%b7%f0%9f%90%a3\/","url":"https:\/\/stonoga.lublin.pl\/pl\/%f0%9f%90%a3%f0%9f%8c%b7radosnych-swiat-wielkanocnych-%f0%9f%8c%b7%f0%9f%90%a3\/","name":"\ud83d\udc23\ud83c\udf37Radosnych \u015awi\u0105t Wielkanocnych! \ud83c\udf37\ud83d\udc23 - Grupa Edukacyjna Stonoga w Lublinie","isPartOf":{"@id":"https:\/\/stonoga.lublin.pl\/pl\/#website"},"primaryImageOfPage":{"@id":"https:\/\/stonoga.lublin.pl\/pl\/%f0%9f%90%a3%f0%9f%8c%b7radosnych-swiat-wielkanocnych-%f0%9f%8c%b7%f0%9f%90%a3\/#primaryimage"},"image":{"@id":"https:\/\/stonoga.lublin.pl\/pl\/%f0%9f%90%a3%f0%9f%8c%b7radosnych-swiat-wielkanocnych-%f0%9f%8c%b7%f0%9f%90%a3\/#primaryimage"},"thumbnailUrl":"https:\/\/static.xx.fbcdn.net\/images\/emoji.php\/v9\/t5f\/1\/16\/1f31e.png","datePublished":"2025-04-18T11:00:08+00:00","dateModified":"2025-05-20T17:13:51+00:00","author":{"@id":"https:\/\/stonoga.lublin.pl\/pl\/#\/schema\/person\/1b29956d0c3fd885abae5926cdd3beb6"},"breadcrumb":{"@id":"https:\/\/stonoga.lublin.pl\/pl\/%f0%9f%90%a3%f0%9f%8c%b7radosnych-swiat-wielkanocnych-%f0%9f%8c%b7%f0%9f%90%a3\/#breadcrumb"},"inLanguage":"pl-PL","potentialAction":[{"@type":"ReadAction","target":["https:\/\/stonoga.lublin.pl\/pl\/%f0%9f%90%a3%f0%9f%8c%b7radosnych-swiat-wielkanocnych-%f0%9f%8c%b7%f0%9f%90%a3\/"]}]},{"@type":"ImageObject","inLanguage":"pl-PL","@id":"https:\/\/stonoga.lublin.pl\/pl\/%f0%9f%90%a3%f0%9f%8c%b7radosnych-swiat-wielkanocnych-%f0%9f%8c%b7%f0%9f%90%a3\/#primaryimage","url":"https:\/\/static.xx.fbcdn.net\/images\/emoji.php\/v9\/t5f\/1\/16\/1f31e.png","contentUrl":"https:\/\/static.xx.fbcdn.net\/images\/emoji.php\/v9\/t5f\/1\/16\/1f31e.png"},{"@type":"BreadcrumbList","@id":"https:\/\/stonoga.lublin.pl\/pl\/%f0%9f%90%a3%f0%9f%8c%b7radosnych-swiat-wielkanocnych-%f0%9f%8c%b7%f0%9f%90%a3\/#breadcrumb","itemListElement":[{"@type":"ListItem","position":1,"name":"Strona g\u0142\u00f3wna","item":"https:\/\/stonoga.lublin.pl\/pl\/"},{"@type":"ListItem","position":2,"name":"\ud83d\udc23\ud83c\udf37Radosnych \u015awi\u0105t Wielkanocnych! \ud83c\udf37\ud83d\udc23"}]},{"@type":"WebSite","@id":"https:\/\/stonoga.lublin.pl\/pl\/#website","url":"https:\/\/stonoga.lublin.pl\/pl\/","name":"Grupa Edukacyjna Stonoga w Lublinie","description":"","potentialAction":[{"@type":"SearchAction","target":{"@type":"EntryPoint","urlTemplate":"https:\/\/stonoga.lublin.pl\/pl\/?s={search_term_string}"},"query-input":{"@type":"PropertyValueSpecification","valueRequired":true,"valueName":"search_term_string"}}],"inLanguage":"pl-PL"},{"@type":"Person","@id":"https:\/\/stonoga.lublin.pl\/pl\/#\/schema\/person\/1b29956d0c3fd885abae5926cdd3beb6","name":"AdminStonoga","image":{"@type":"ImageObject","inLanguage":"pl-PL","@id":"https:\/\/stonoga.lublin.pl\/pl\/#\/schema\/person\/image\/","url":"https:\/\/secure.gravatar.com\/avatar\/d745d9a36b2443c432906391c956b8c7b1c64d9ab3074197655c2e0fb9a3d316?s=96&d=mm&r=g","contentUrl":"https:\/\/secure.gravatar.com\/avatar\/d745d9a36b2443c432906391c956b8c7b1c64d9ab3074197655c2e0fb9a3d316?s=96&d=mm&r=g","caption":"AdminStonoga"},"url":"https:\/\/stonoga.lublin.pl\/pl\/author\/adminstonoga\/"}]}},"_links":{"self":[{"href":"https:\/\/stonoga.lublin.pl\/pl\/wp-json\/wp\/v2\/posts\/2418","targetHints":{"allow":["GET"]}}],"collection":[{"href":"https:\/\/stonoga.lublin.pl\/pl\/wp-json\/wp\/v2\/posts"}],"about":[{"href":"https:\/\/stonoga.lublin.pl\/pl\/wp-json\/wp\/v2\/types\/post"}],"author":[{"embeddable":true,"href":"https:\/\/stonoga.lublin.pl\/pl\/wp-json\/wp\/v2\/users\/3"}],"replies":[{"embeddable":true,"href":"https:\/\/stonoga.lublin.pl\/pl\/wp-json\/wp\/v2\/comments?post=2418"}],"version-history":[{"count":1,"href":"https:\/\/stonoga.lublin.pl\/pl\/wp-json\/wp\/v2\/posts\/2418\/revisions"}],"predecessor-version":[{"id":2419,"href":"https:\/\/stonoga.lublin.pl\/pl\/wp-json\/wp\/v2\/posts\/2418\/revisions\/2419"}],"wp:attachment":[{"href":"https:\/\/stonoga.lublin.pl\/pl\/wp-json\/wp\/v2\/media?parent=2418"}],"wp:term":[{"taxonomy":"category","embeddable":true,"href":"https:\/\/stonoga.lublin.pl\/pl\/wp-json\/wp\/v2\/categories?post=2418"},{"taxonomy":"post_tag","embeddable":true,"href":"https:\/\/stonoga.lublin.pl\/pl\/wp-json\/wp\/v2\/tags?post=2418"}],"curies":[{"name":"wp","href":"https:\/\/api.w.org\/{rel}","templated":true}]}}