{"id":2431,"date":"2025-06-06T09:17:26","date_gmt":"2025-06-06T09:17:26","guid":{"rendered":"https:\/\/stonoga.lublin.pl\/pl\/?p=2431"},"modified":"2025-06-26T09:18:27","modified_gmt":"2025-06-26T09:18:27","slug":"ogolnopolska-konferencja-o-cyfryzacji-szkol","status":"publish","type":"post","link":"https:\/\/stonoga.lublin.pl\/pl\/ogolnopolska-konferencja-o-cyfryzacji-szkol\/","title":{"rendered":"Og\u00f3lnopolska konferencja o cyfryzacji szk\u00f3\u0142!"},"content":{"rendered":"<p><span style=\"font-weight: 400;\">Nasze niestrudzone pedago\u017cki na og\u00f3lnopolskiej konferencji o cyfryzacji szk\u00f3\u0142<\/span><\/p>\n<p><span style=\"font-weight: 400;\">Z przyjemno\u015bci\u0105 informujemy, \u017ce pani Karolina i pani Ewelina, nauczycielki naszej szko\u0142y, wzi\u0119\u0142y udzia\u0142 w og\u00f3lnopolskiej konferencji organizowanej przez Konfederacj\u0119 Lewiatan, po\u015bwi\u0119conej cyfrowej transformacji edukacji.<\/span><\/p>\n<p><span style=\"font-weight: 400;\">Wydarzenie skupi\u0142o si\u0119 na kluczowych wyzwaniach i mo\u017cliwo\u015bciach stoj\u0105cych przed wsp\u00f3\u0142czesn\u0105 szko\u0142\u0105, a w szczeg\u00f3lno\u015bci na roli koordynator\u00f3w cyfrowych oraz rozwijaniu kompetencji nauczycieli w zakresie sztucznej inteligencji (AI) i nowoczesnych technologii edukacyjnych. Spotkanie zgromadzi\u0142o ekspert\u00f3w, przedstawicieli instytucji oraz nauczycieli z ca\u0142ej Polski, kt\u00f3rzy wsp\u00f3lnie dzielili si\u0119 wiedz\u0105 i dobrymi praktykami.<\/span><\/p>\n<p><span style=\"font-weight: 400;\">W\u015br\u00f3d g\u0142\u00f3wnych temat\u00f3w poruszonych podczas konferencji znalaz\u0142y si\u0119:<\/span><span style=\"font-weight: 400;\"><br \/>\n<\/span><span style=\"font-weight: 400;\"> \u2714 cyfrowa transformacja szk\u00f3\u0142,<\/span><span style=\"font-weight: 400;\"><br \/>\n<\/span><span style=\"font-weight: 400;\"> \u2714 rola koordynator\u00f3w cyfrowych w edukacji,<\/span><span style=\"font-weight: 400;\"><br \/>\n<\/span><span style=\"font-weight: 400;\"> \u2714 podnoszenie kompetencji nauczycieli w zakresie AI,<\/span><span style=\"font-weight: 400;\"><br \/>\n<\/span><span style=\"font-weight: 400;\"> \u2714 wykorzystanie rozwi\u0105za\u0144 oferowanych przez platformy edukacyjne, takie jak Google for Education.<\/span><\/p>\n<p><span style=\"font-weight: 400;\">Udzia\u0142 naszych ekspert\u00f3w\u00a0 w tym wydarzeniu, to nie tylko okazja do uzupe\u0142niania\u00a0 cennej wiedzy, ale tak\u017ce do nawi\u0105zania inspiruj\u0105cych kontakt\u00f3w i poszukiwania nowoczesnych rozwi\u0105za\u0144,\u00a0 mog\u0105cych wzbogaci\u0107 codzienn\u0105 prac\u0119 dydaktyczn\u0105\u00a0 naszej szko\u0142y.<\/span><\/p>\n<p><span style=\"font-weight: 400;\">Gratulujemy pani Karolinie i pani Ewelinie ogromnego zaanga\u017cowania i ch\u0119ci nieustannego rozwoju!<\/span><\/p>\n<p><i><span style=\"font-weight: 400;\">#CyfryzacjaSzko\u0142y #NowoczesnaEdukacja #AIwSzkole #KoordynatorCyfrowy #GoogleForEducation #GoCloudPolska #DumniZNauczycieli<\/span><\/i><\/p>\n","protected":false},"excerpt":{"rendered":"<p>Nasze niestrudzone pedago\u017cki na og\u00f3lnopolskiej konferencji o cyfryzacji szk\u00f3\u0142 Z przyjemno\u015bci\u0105 informujemy, \u017ce pani Karolina i pani Ewelina, nauczycielki naszej szko\u0142y, wzi\u0119\u0142y udzia\u0142 w og\u00f3lnopolskiej konferencji organizowanej przez Konfederacj\u0119 Lewiatan, po\u015bwi\u0119conej cyfrowej transformacji edukacji. Wydarzenie skupi\u0142o si\u0119 na kluczowych wyzwaniach i mo\u017cliwo\u015bciach stoj\u0105cych przed wsp\u00f3\u0142czesn\u0105 szko\u0142\u0105, a w szczeg\u00f3lno\u015bci na roli koordynator\u00f3w cyfrowych oraz rozwijaniu [&hellip;]<\/p>\n","protected":false},"author":3,"featured_media":0,"comment_status":"open","ping_status":"open","sticky":false,"template":"","format":"standard","meta":{"_acf_changed":false,"_et_pb_use_builder":"","_et_pb_old_content":"","_et_gb_content_width":"","footnotes":""},"categories":[13,8],"tags":[],"class_list":["post-2431","post","type-post","status-publish","format-standard","hentry","category-szkola","category-szkola-skala"],"acf":[],"yoast_head":"<!-- This site is optimized with the Yoast SEO plugin v24.6 - https:\/\/yoast.com\/wordpress\/plugins\/seo\/ -->\n<title>Og\u00f3lnopolska konferencja o cyfryzacji szk\u00f3\u0142! - Grupa Edukacyjna Stonoga w Lublinie<\/title>\n<meta name=\"robots\" content=\"index, follow, max-snippet:-1, max-image-preview:large, max-video-preview:-1\" \/>\n<link rel=\"canonical\" href=\"https:\/\/stonoga.lublin.pl\/pl\/ogolnopolska-konferencja-o-cyfryzacji-szkol\/\" \/>\n<meta property=\"og:locale\" content=\"pl_PL\" \/>\n<meta property=\"og:type\" content=\"article\" \/>\n<meta property=\"og:title\" content=\"Og\u00f3lnopolska konferencja o cyfryzacji szk\u00f3\u0142! - Grupa Edukacyjna Stonoga w Lublinie\" \/>\n<meta property=\"og:description\" content=\"Nasze niestrudzone pedago\u017cki na og\u00f3lnopolskiej konferencji o cyfryzacji szk\u00f3\u0142 Z przyjemno\u015bci\u0105 informujemy, \u017ce pani Karolina i pani Ewelina, nauczycielki naszej szko\u0142y, wzi\u0119\u0142y udzia\u0142 w og\u00f3lnopolskiej konferencji organizowanej przez Konfederacj\u0119 Lewiatan, po\u015bwi\u0119conej cyfrowej transformacji edukacji. Wydarzenie skupi\u0142o si\u0119 na kluczowych wyzwaniach i mo\u017cliwo\u015bciach stoj\u0105cych przed wsp\u00f3\u0142czesn\u0105 szko\u0142\u0105, a w szczeg\u00f3lno\u015bci na roli koordynator\u00f3w cyfrowych oraz rozwijaniu [&hellip;]\" \/>\n<meta property=\"og:url\" content=\"https:\/\/stonoga.lublin.pl\/pl\/ogolnopolska-konferencja-o-cyfryzacji-szkol\/\" \/>\n<meta property=\"og:site_name\" content=\"Grupa Edukacyjna Stonoga w Lublinie\" \/>\n<meta property=\"article:published_time\" content=\"2025-06-06T09:17:26+00:00\" \/>\n<meta property=\"article:modified_time\" content=\"2025-06-26T09:18:27+00:00\" \/>\n<meta name=\"author\" content=\"AdminStonoga\" \/>\n<meta name=\"twitter:card\" content=\"summary_large_image\" \/>\n<meta name=\"twitter:label1\" content=\"Napisane przez\" \/>\n\t<meta name=\"twitter:data1\" content=\"AdminStonoga\" \/>\n\t<meta name=\"twitter:label2\" content=\"Szacowany czas czytania\" \/>\n\t<meta name=\"twitter:data2\" content=\"2 minuty\" \/>\n<script type=\"application\/ld+json\" class=\"yoast-schema-graph\">{\"@context\":\"https:\/\/schema.org\",\"@graph\":[{\"@type\":\"WebPage\",\"@id\":\"https:\/\/stonoga.lublin.pl\/pl\/ogolnopolska-konferencja-o-cyfryzacji-szkol\/\",\"url\":\"https:\/\/stonoga.lublin.pl\/pl\/ogolnopolska-konferencja-o-cyfryzacji-szkol\/\",\"name\":\"Og\u00f3lnopolska konferencja o cyfryzacji szk\u00f3\u0142! - Grupa Edukacyjna Stonoga w Lublinie\",\"isPartOf\":{\"@id\":\"https:\/\/stonoga.lublin.pl\/pl\/#website\"},\"datePublished\":\"2025-06-06T09:17:26+00:00\",\"dateModified\":\"2025-06-26T09:18:27+00:00\",\"author\":{\"@id\":\"https:\/\/stonoga.lublin.pl\/pl\/#\/schema\/person\/1b29956d0c3fd885abae5926cdd3beb6\"},\"breadcrumb\":{\"@id\":\"https:\/\/stonoga.lublin.pl\/pl\/ogolnopolska-konferencja-o-cyfryzacji-szkol\/#breadcrumb\"},\"inLanguage\":\"pl-PL\",\"potentialAction\":[{\"@type\":\"ReadAction\",\"target\":[\"https:\/\/stonoga.lublin.pl\/pl\/ogolnopolska-konferencja-o-cyfryzacji-szkol\/\"]}]},{\"@type\":\"BreadcrumbList\",\"@id\":\"https:\/\/stonoga.lublin.pl\/pl\/ogolnopolska-konferencja-o-cyfryzacji-szkol\/#breadcrumb\",\"itemListElement\":[{\"@type\":\"ListItem\",\"position\":1,\"name\":\"Strona g\u0142\u00f3wna\",\"item\":\"https:\/\/stonoga.lublin.pl\/pl\/\"},{\"@type\":\"ListItem\",\"position\":2,\"name\":\"Og\u00f3lnopolska konferencja o cyfryzacji szk\u00f3\u0142!\"}]},{\"@type\":\"WebSite\",\"@id\":\"https:\/\/stonoga.lublin.pl\/pl\/#website\",\"url\":\"https:\/\/stonoga.lublin.pl\/pl\/\",\"name\":\"Grupa Edukacyjna Stonoga w Lublinie\",\"description\":\"\",\"potentialAction\":[{\"@type\":\"SearchAction\",\"target\":{\"@type\":\"EntryPoint\",\"urlTemplate\":\"https:\/\/stonoga.lublin.pl\/pl\/?s={search_term_string}\"},\"query-input\":{\"@type\":\"PropertyValueSpecification\",\"valueRequired\":true,\"valueName\":\"search_term_string\"}}],\"inLanguage\":\"pl-PL\"},{\"@type\":\"Person\",\"@id\":\"https:\/\/stonoga.lublin.pl\/pl\/#\/schema\/person\/1b29956d0c3fd885abae5926cdd3beb6\",\"name\":\"AdminStonoga\",\"image\":{\"@type\":\"ImageObject\",\"inLanguage\":\"pl-PL\",\"@id\":\"https:\/\/stonoga.lublin.pl\/pl\/#\/schema\/person\/image\/\",\"url\":\"https:\/\/secure.gravatar.com\/avatar\/d745d9a36b2443c432906391c956b8c7b1c64d9ab3074197655c2e0fb9a3d316?s=96&d=mm&r=g\",\"contentUrl\":\"https:\/\/secure.gravatar.com\/avatar\/d745d9a36b2443c432906391c956b8c7b1c64d9ab3074197655c2e0fb9a3d316?s=96&d=mm&r=g\",\"caption\":\"AdminStonoga\"},\"url\":\"https:\/\/stonoga.lublin.pl\/pl\/author\/adminstonoga\/\"}]}<\/script>\n<!-- \/ Yoast SEO plugin. -->","yoast_head_json":{"title":"Og\u00f3lnopolska konferencja o cyfryzacji szk\u00f3\u0142! - Grupa Edukacyjna Stonoga w Lublinie","robots":{"index":"index","follow":"follow","max-snippet":"max-snippet:-1","max-image-preview":"max-image-preview:large","max-video-preview":"max-video-preview:-1"},"canonical":"https:\/\/stonoga.lublin.pl\/pl\/ogolnopolska-konferencja-o-cyfryzacji-szkol\/","og_locale":"pl_PL","og_type":"article","og_title":"Og\u00f3lnopolska konferencja o cyfryzacji szk\u00f3\u0142! - Grupa Edukacyjna Stonoga w Lublinie","og_description":"Nasze niestrudzone pedago\u017cki na og\u00f3lnopolskiej konferencji o cyfryzacji szk\u00f3\u0142 Z przyjemno\u015bci\u0105 informujemy, \u017ce pani Karolina i pani Ewelina, nauczycielki naszej szko\u0142y, wzi\u0119\u0142y udzia\u0142 w og\u00f3lnopolskiej konferencji organizowanej przez Konfederacj\u0119 Lewiatan, po\u015bwi\u0119conej cyfrowej transformacji edukacji. Wydarzenie skupi\u0142o si\u0119 na kluczowych wyzwaniach i mo\u017cliwo\u015bciach stoj\u0105cych przed wsp\u00f3\u0142czesn\u0105 szko\u0142\u0105, a w szczeg\u00f3lno\u015bci na roli koordynator\u00f3w cyfrowych oraz rozwijaniu [&hellip;]","og_url":"https:\/\/stonoga.lublin.pl\/pl\/ogolnopolska-konferencja-o-cyfryzacji-szkol\/","og_site_name":"Grupa Edukacyjna Stonoga w Lublinie","article_published_time":"2025-06-06T09:17:26+00:00","article_modified_time":"2025-06-26T09:18:27+00:00","author":"AdminStonoga","twitter_card":"summary_large_image","twitter_misc":{"Napisane przez":"AdminStonoga","Szacowany czas czytania":"2 minuty"},"schema":{"@context":"https:\/\/schema.org","@graph":[{"@type":"WebPage","@id":"https:\/\/stonoga.lublin.pl\/pl\/ogolnopolska-konferencja-o-cyfryzacji-szkol\/","url":"https:\/\/stonoga.lublin.pl\/pl\/ogolnopolska-konferencja-o-cyfryzacji-szkol\/","name":"Og\u00f3lnopolska konferencja o cyfryzacji szk\u00f3\u0142! - Grupa Edukacyjna Stonoga w Lublinie","isPartOf":{"@id":"https:\/\/stonoga.lublin.pl\/pl\/#website"},"datePublished":"2025-06-06T09:17:26+00:00","dateModified":"2025-06-26T09:18:27+00:00","author":{"@id":"https:\/\/stonoga.lublin.pl\/pl\/#\/schema\/person\/1b29956d0c3fd885abae5926cdd3beb6"},"breadcrumb":{"@id":"https:\/\/stonoga.lublin.pl\/pl\/ogolnopolska-konferencja-o-cyfryzacji-szkol\/#breadcrumb"},"inLanguage":"pl-PL","potentialAction":[{"@type":"ReadAction","target":["https:\/\/stonoga.lublin.pl\/pl\/ogolnopolska-konferencja-o-cyfryzacji-szkol\/"]}]},{"@type":"BreadcrumbList","@id":"https:\/\/stonoga.lublin.pl\/pl\/ogolnopolska-konferencja-o-cyfryzacji-szkol\/#breadcrumb","itemListElement":[{"@type":"ListItem","position":1,"name":"Strona g\u0142\u00f3wna","item":"https:\/\/stonoga.lublin.pl\/pl\/"},{"@type":"ListItem","position":2,"name":"Og\u00f3lnopolska konferencja o cyfryzacji szk\u00f3\u0142!"}]},{"@type":"WebSite","@id":"https:\/\/stonoga.lublin.pl\/pl\/#website","url":"https:\/\/stonoga.lublin.pl\/pl\/","name":"Grupa Edukacyjna Stonoga w Lublinie","description":"","potentialAction":[{"@type":"SearchAction","target":{"@type":"EntryPoint","urlTemplate":"https:\/\/stonoga.lublin.pl\/pl\/?s={search_term_string}"},"query-input":{"@type":"PropertyValueSpecification","valueRequired":true,"valueName":"search_term_string"}}],"inLanguage":"pl-PL"},{"@type":"Person","@id":"https:\/\/stonoga.lublin.pl\/pl\/#\/schema\/person\/1b29956d0c3fd885abae5926cdd3beb6","name":"AdminStonoga","image":{"@type":"ImageObject","inLanguage":"pl-PL","@id":"https:\/\/stonoga.lublin.pl\/pl\/#\/schema\/person\/image\/","url":"https:\/\/secure.gravatar.com\/avatar\/d745d9a36b2443c432906391c956b8c7b1c64d9ab3074197655c2e0fb9a3d316?s=96&d=mm&r=g","contentUrl":"https:\/\/secure.gravatar.com\/avatar\/d745d9a36b2443c432906391c956b8c7b1c64d9ab3074197655c2e0fb9a3d316?s=96&d=mm&r=g","caption":"AdminStonoga"},"url":"https:\/\/stonoga.lublin.pl\/pl\/author\/adminstonoga\/"}]}},"_links":{"self":[{"href":"https:\/\/stonoga.lublin.pl\/pl\/wp-json\/wp\/v2\/posts\/2431","targetHints":{"allow":["GET"]}}],"collection":[{"href":"https:\/\/stonoga.lublin.pl\/pl\/wp-json\/wp\/v2\/posts"}],"about":[{"href":"https:\/\/stonoga.lublin.pl\/pl\/wp-json\/wp\/v2\/types\/post"}],"author":[{"embeddable":true,"href":"https:\/\/stonoga.lublin.pl\/pl\/wp-json\/wp\/v2\/users\/3"}],"replies":[{"embeddable":true,"href":"https:\/\/stonoga.lublin.pl\/pl\/wp-json\/wp\/v2\/comments?post=2431"}],"version-history":[{"count":1,"href":"https:\/\/stonoga.lublin.pl\/pl\/wp-json\/wp\/v2\/posts\/2431\/revisions"}],"predecessor-version":[{"id":2432,"href":"https:\/\/stonoga.lublin.pl\/pl\/wp-json\/wp\/v2\/posts\/2431\/revisions\/2432"}],"wp:attachment":[{"href":"https:\/\/stonoga.lublin.pl\/pl\/wp-json\/wp\/v2\/media?parent=2431"}],"wp:term":[{"taxonomy":"category","embeddable":true,"href":"https:\/\/stonoga.lublin.pl\/pl\/wp-json\/wp\/v2\/categories?post=2431"},{"taxonomy":"post_tag","embeddable":true,"href":"https:\/\/stonoga.lublin.pl\/pl\/wp-json\/wp\/v2\/tags?post=2431"}],"curies":[{"name":"wp","href":"https:\/\/api.w.org\/{rel}","templated":true}]}}