{"id":2484,"date":"2025-09-10T10:08:07","date_gmt":"2025-09-10T10:08:07","guid":{"rendered":"https:\/\/stonoga.lublin.pl\/pl\/?p=2484"},"modified":"2025-10-20T10:09:39","modified_gmt":"2025-10-20T10:09:39","slug":"%f0%9f%93%9ajak-dobrze-zaplanowac-nauke-juz-od-poczatku-roku","status":"publish","type":"post","link":"https:\/\/stonoga.lublin.pl\/pl\/%f0%9f%93%9ajak-dobrze-zaplanowac-nauke-juz-od-poczatku-roku\/","title":{"rendered":"\ud83d\udcdaJak dobrze zaplanowa\u0107 nauk\u0119 ju\u017c od pocz\u0105tku roku?"},"content":{"rendered":"<div class=\"xdj266r x14z9mp xat24cr x1lziwak x1vvkbs x126k92a\">\n<div dir=\"auto\">Pocz\u0105tek wrze\u015bnia to idealny moment, \u017ceby wprowadzi\u0107 ma\u0142e zmiany, kt\u00f3re p\u00f3\u017aniej zrobi\u0105 wielk\u0105 r\u00f3\u017cnic\u0119. Im szybciej z\u0142apiesz sw\u00f3j rytm, tym mniej stresu w trakcie roku! <span class=\"html-span xexx8yu xyri2b x18d9i69 x1c1uobl x1hl2dhg x16tdsg8 x1vvkbs x3nfvp2 x1j61x8r x1fcty0u xdj266r xat24cr xm2jcoa x1mpyi22 xxymvpz xlup9mm x1kky2od\"><img loading=\"lazy\" decoding=\"async\" class=\"xz74otr x15mokao x1ga7v0g x16uus16 xbiv7yw\" src=\"https:\/\/static.xx.fbcdn.net\/images\/emoji.php\/v9\/t3c\/1\/16\/1f4a1.png\" alt=\"\ud83d\udca1\" width=\"16\" height=\"16\" \/><\/span><\/div>\n<\/div>\n<div class=\"x14z9mp xat24cr x1lziwak x1vvkbs xtlvy1s x126k92a\">\n<div dir=\"auto\"><span class=\"html-span xexx8yu xyri2b x18d9i69 x1c1uobl x1hl2dhg x16tdsg8 x1vvkbs x3nfvp2 x1j61x8r x1fcty0u xdj266r xat24cr xm2jcoa x1mpyi22 xxymvpz xlup9mm x1kky2od\"><img loading=\"lazy\" decoding=\"async\" class=\"xz74otr x15mokao x1ga7v0g x16uus16 xbiv7yw\" src=\"https:\/\/static.xx.fbcdn.net\/images\/emoji.php\/v9\/t33\/1\/16\/2705.png\" alt=\"\u2705\" width=\"16\" height=\"16\" \/><\/span> Planuj wcze\u015bniej \u2013 notatnik albo planer to Twoi najlepsi pomocnicy.<\/div>\n<div dir=\"auto\"><span class=\"html-span xexx8yu xyri2b x18d9i69 x1c1uobl x1hl2dhg x16tdsg8 x1vvkbs x3nfvp2 x1j61x8r x1fcty0u xdj266r xat24cr xm2jcoa x1mpyi22 xxymvpz xlup9mm x1kky2od\"><img loading=\"lazy\" decoding=\"async\" class=\"xz74otr x15mokao x1ga7v0g x16uus16 xbiv7yw\" src=\"https:\/\/static.xx.fbcdn.net\/images\/emoji.php\/v9\/t33\/1\/16\/2705.png\" alt=\"\u2705\" width=\"16\" height=\"16\" \/><\/span> Dziel du\u017ce zadania na ma\u0142e \u2013 \u0142atwiej przeczyta\u0107 jeden rozdzia\u0142 ni\u017c ca\u0142y podr\u0119cznik naraz.<\/div>\n<div dir=\"auto\"><span class=\"html-span xexx8yu xyri2b x18d9i69 x1c1uobl x1hl2dhg x16tdsg8 x1vvkbs x3nfvp2 x1j61x8r x1fcty0u xdj266r xat24cr xm2jcoa x1mpyi22 xxymvpz xlup9mm x1kky2od\"><img loading=\"lazy\" decoding=\"async\" class=\"xz74otr x15mokao x1ga7v0g x16uus16 xbiv7yw\" src=\"https:\/\/static.xx.fbcdn.net\/images\/emoji.php\/v9\/t33\/1\/16\/2705.png\" alt=\"\u2705\" width=\"16\" height=\"16\" \/><\/span> Ustal godziny nauki \u2013 m\u00f3zg lubi rutyn\u0119, a cia\u0142o szybko si\u0119 do niej przyzwyczaja.<\/div>\n<div dir=\"auto\"><span class=\"html-span xexx8yu xyri2b x18d9i69 x1c1uobl x1hl2dhg x16tdsg8 x1vvkbs x3nfvp2 x1j61x8r x1fcty0u xdj266r xat24cr xm2jcoa x1mpyi22 xxymvpz xlup9mm x1kky2od\"><img loading=\"lazy\" decoding=\"async\" class=\"xz74otr x15mokao x1ga7v0g x16uus16 xbiv7yw\" src=\"https:\/\/static.xx.fbcdn.net\/images\/emoji.php\/v9\/t33\/1\/16\/2705.png\" alt=\"\u2705\" width=\"16\" height=\"16\" \/><\/span> R\u00f3b przerwy i ruszaj si\u0119 \u2013 kr\u00f3tki spacer czy par\u0119 \u0107wicze\u0144 dzia\u0142a lepiej ni\u017c kolejna kawa.<\/div>\n<div dir=\"auto\"><span class=\"html-span xexx8yu xyri2b x18d9i69 x1c1uobl x1hl2dhg x16tdsg8 x1vvkbs x3nfvp2 x1j61x8r x1fcty0u xdj266r xat24cr xm2jcoa x1mpyi22 xxymvpz xlup9mm x1kky2od\"><img loading=\"lazy\" decoding=\"async\" class=\"xz74otr x15mokao x1ga7v0g x16uus16 xbiv7yw\" src=\"https:\/\/static.xx.fbcdn.net\/images\/emoji.php\/v9\/t33\/1\/16\/2705.png\" alt=\"\u2705\" width=\"16\" height=\"16\" \/><\/span> Odk\u0142adaj rozpraszacze \u2013 telefon i social media nie uciekn\u0105. <span class=\"html-span xexx8yu xyri2b x18d9i69 x1c1uobl x1hl2dhg x16tdsg8 x1vvkbs x3nfvp2 x1j61x8r x1fcty0u xdj266r xat24cr xm2jcoa x1mpyi22 xxymvpz xlup9mm x1kky2od\"><img loading=\"lazy\" decoding=\"async\" class=\"xz74otr x15mokao x1ga7v0g x16uus16 xbiv7yw\" src=\"https:\/\/static.xx.fbcdn.net\/images\/emoji.php\/v9\/t57\/1\/16\/1f609.png\" alt=\"\ud83d\ude09\" width=\"16\" height=\"16\" \/><\/span><\/div>\n<\/div>\n<div class=\"x14z9mp xat24cr x1lziwak x1vvkbs xtlvy1s x126k92a\">\n<div dir=\"auto\"><span class=\"html-span xexx8yu xyri2b x18d9i69 x1c1uobl x1hl2dhg x16tdsg8 x1vvkbs x3nfvp2 x1j61x8r x1fcty0u xdj266r xat24cr xm2jcoa x1mpyi22 xxymvpz xlup9mm x1kky2od\"><img loading=\"lazy\" decoding=\"async\" class=\"xz74otr x15mokao x1ga7v0g x16uus16 xbiv7yw\" src=\"https:\/\/static.xx.fbcdn.net\/images\/emoji.php\/v9\/t3c\/1\/16\/1f4a1.png\" alt=\"\ud83d\udca1\" width=\"16\" height=\"16\" \/><\/span> Pami\u0119taj: regularno\u015b\u0107 to klucz. Nawet p\u00f3\u0142 godziny dziennie wystarczy, \u017ceby nauka by\u0142a \u0142atwiejsza i bardziej efektywna! <span class=\"html-span xexx8yu xyri2b x18d9i69 x1c1uobl x1hl2dhg x16tdsg8 x1vvkbs x3nfvp2 x1j61x8r x1fcty0u xdj266r xat24cr xm2jcoa x1mpyi22 xxymvpz xlup9mm x1kky2od\"><img loading=\"lazy\" decoding=\"async\" class=\"xz74otr x15mokao x1ga7v0g x16uus16 xbiv7yw\" src=\"https:\/\/static.xx.fbcdn.net\/images\/emoji.php\/v9\/tc6\/1\/16\/1f680.png\" alt=\"\ud83d\ude80\" width=\"16\" height=\"16\" \/><\/span><\/div>\n<\/div>\n<div dir=\"auto\"><img loading=\"lazy\" decoding=\"async\" class=\"aligncenter size-medium wp-image-2483\" src=\"https:\/\/stonoga.lublin.pl\/pl\/wp-content\/uploads\/2025\/10\/545454907_1315597060576723_5645082361256717468_n-300x300.jpg\" alt=\"\" width=\"300\" height=\"300\" \/><\/div>\n","protected":false},"excerpt":{"rendered":"<p>Pocz\u0105tek wrze\u015bnia to idealny moment, \u017ceby wprowadzi\u0107 ma\u0142e zmiany, kt\u00f3re p\u00f3\u017aniej zrobi\u0105 wielk\u0105 r\u00f3\u017cnic\u0119. Im szybciej z\u0142apiesz sw\u00f3j rytm, tym mniej stresu w trakcie roku! Planuj wcze\u015bniej \u2013 notatnik albo planer to Twoi najlepsi pomocnicy. Dziel du\u017ce zadania na ma\u0142e \u2013 \u0142atwiej przeczyta\u0107 jeden rozdzia\u0142 ni\u017c ca\u0142y podr\u0119cznik naraz. Ustal godziny nauki \u2013 m\u00f3zg lubi [&hellip;]<\/p>\n","protected":false},"author":3,"featured_media":0,"comment_status":"open","ping_status":"open","sticky":false,"template":"","format":"standard","meta":{"_acf_changed":false,"_et_pb_use_builder":"","_et_pb_old_content":"","_et_gb_content_width":"","footnotes":""},"categories":[7,13,8],"tags":[],"class_list":["post-2484","post","type-post","status-publish","format-standard","hentry","category-aktualnosci-strona-glowna","category-szkola","category-szkola-skala"],"acf":[],"yoast_head":"<!-- This site is optimized with the Yoast SEO plugin v24.6 - https:\/\/yoast.com\/wordpress\/plugins\/seo\/ -->\n<title>\ud83d\udcdaJak dobrze zaplanowa\u0107 nauk\u0119 ju\u017c od pocz\u0105tku roku? - Grupa Edukacyjna Stonoga w Lublinie<\/title>\n<meta name=\"robots\" content=\"index, follow, max-snippet:-1, max-image-preview:large, max-video-preview:-1\" \/>\n<link rel=\"canonical\" href=\"https:\/\/stonoga.lublin.pl\/pl\/\ud83d\udcdajak-dobrze-zaplanowac-nauke-juz-od-poczatku-roku\/\" \/>\n<meta property=\"og:locale\" content=\"pl_PL\" \/>\n<meta property=\"og:type\" content=\"article\" \/>\n<meta property=\"og:title\" content=\"\ud83d\udcdaJak dobrze zaplanowa\u0107 nauk\u0119 ju\u017c od pocz\u0105tku roku? - Grupa Edukacyjna Stonoga w Lublinie\" \/>\n<meta property=\"og:description\" content=\"Pocz\u0105tek wrze\u015bnia to idealny moment, \u017ceby wprowadzi\u0107 ma\u0142e zmiany, kt\u00f3re p\u00f3\u017aniej zrobi\u0105 wielk\u0105 r\u00f3\u017cnic\u0119. Im szybciej z\u0142apiesz sw\u00f3j rytm, tym mniej stresu w trakcie roku! Planuj wcze\u015bniej \u2013 notatnik albo planer to Twoi najlepsi pomocnicy. Dziel du\u017ce zadania na ma\u0142e \u2013 \u0142atwiej przeczyta\u0107 jeden rozdzia\u0142 ni\u017c ca\u0142y podr\u0119cznik naraz. Ustal godziny nauki \u2013 m\u00f3zg lubi [&hellip;]\" \/>\n<meta property=\"og:url\" content=\"https:\/\/stonoga.lublin.pl\/pl\/\ud83d\udcdajak-dobrze-zaplanowac-nauke-juz-od-poczatku-roku\/\" \/>\n<meta property=\"og:site_name\" content=\"Grupa Edukacyjna Stonoga w Lublinie\" \/>\n<meta property=\"article:published_time\" content=\"2025-09-10T10:08:07+00:00\" \/>\n<meta property=\"article:modified_time\" content=\"2025-10-20T10:09:39+00:00\" \/>\n<meta property=\"og:image\" content=\"https:\/\/static.xx.fbcdn.net\/images\/emoji.php\/v9\/t3c\/1\/16\/1f4a1.png\" \/>\n<meta name=\"author\" content=\"AdminStonoga\" \/>\n<meta name=\"twitter:card\" content=\"summary_large_image\" \/>\n<meta name=\"twitter:label1\" content=\"Napisane przez\" \/>\n\t<meta name=\"twitter:data1\" content=\"AdminStonoga\" \/>\n\t<meta name=\"twitter:label2\" content=\"Szacowany czas czytania\" \/>\n\t<meta name=\"twitter:data2\" content=\"3 minuty\" \/>\n<script type=\"application\/ld+json\" class=\"yoast-schema-graph\">{\"@context\":\"https:\/\/schema.org\",\"@graph\":[{\"@type\":\"WebPage\",\"@id\":\"https:\/\/stonoga.lublin.pl\/pl\/%f0%9f%93%9ajak-dobrze-zaplanowac-nauke-juz-od-poczatku-roku\/\",\"url\":\"https:\/\/stonoga.lublin.pl\/pl\/%f0%9f%93%9ajak-dobrze-zaplanowac-nauke-juz-od-poczatku-roku\/\",\"name\":\"\ud83d\udcdaJak dobrze zaplanowa\u0107 nauk\u0119 ju\u017c od pocz\u0105tku roku? - Grupa Edukacyjna Stonoga w Lublinie\",\"isPartOf\":{\"@id\":\"https:\/\/stonoga.lublin.pl\/pl\/#website\"},\"primaryImageOfPage\":{\"@id\":\"https:\/\/stonoga.lublin.pl\/pl\/%f0%9f%93%9ajak-dobrze-zaplanowac-nauke-juz-od-poczatku-roku\/#primaryimage\"},\"image\":{\"@id\":\"https:\/\/stonoga.lublin.pl\/pl\/%f0%9f%93%9ajak-dobrze-zaplanowac-nauke-juz-od-poczatku-roku\/#primaryimage\"},\"thumbnailUrl\":\"https:\/\/static.xx.fbcdn.net\/images\/emoji.php\/v9\/t3c\/1\/16\/1f4a1.png\",\"datePublished\":\"2025-09-10T10:08:07+00:00\",\"dateModified\":\"2025-10-20T10:09:39+00:00\",\"author\":{\"@id\":\"https:\/\/stonoga.lublin.pl\/pl\/#\/schema\/person\/1b29956d0c3fd885abae5926cdd3beb6\"},\"breadcrumb\":{\"@id\":\"https:\/\/stonoga.lublin.pl\/pl\/%f0%9f%93%9ajak-dobrze-zaplanowac-nauke-juz-od-poczatku-roku\/#breadcrumb\"},\"inLanguage\":\"pl-PL\",\"potentialAction\":[{\"@type\":\"ReadAction\",\"target\":[\"https:\/\/stonoga.lublin.pl\/pl\/%f0%9f%93%9ajak-dobrze-zaplanowac-nauke-juz-od-poczatku-roku\/\"]}]},{\"@type\":\"ImageObject\",\"inLanguage\":\"pl-PL\",\"@id\":\"https:\/\/stonoga.lublin.pl\/pl\/%f0%9f%93%9ajak-dobrze-zaplanowac-nauke-juz-od-poczatku-roku\/#primaryimage\",\"url\":\"https:\/\/static.xx.fbcdn.net\/images\/emoji.php\/v9\/t3c\/1\/16\/1f4a1.png\",\"contentUrl\":\"https:\/\/static.xx.fbcdn.net\/images\/emoji.php\/v9\/t3c\/1\/16\/1f4a1.png\"},{\"@type\":\"BreadcrumbList\",\"@id\":\"https:\/\/stonoga.lublin.pl\/pl\/%f0%9f%93%9ajak-dobrze-zaplanowac-nauke-juz-od-poczatku-roku\/#breadcrumb\",\"itemListElement\":[{\"@type\":\"ListItem\",\"position\":1,\"name\":\"Strona g\u0142\u00f3wna\",\"item\":\"https:\/\/stonoga.lublin.pl\/pl\/\"},{\"@type\":\"ListItem\",\"position\":2,\"name\":\"\ud83d\udcdaJak dobrze zaplanowa\u0107 nauk\u0119 ju\u017c od pocz\u0105tku roku?\"}]},{\"@type\":\"WebSite\",\"@id\":\"https:\/\/stonoga.lublin.pl\/pl\/#website\",\"url\":\"https:\/\/stonoga.lublin.pl\/pl\/\",\"name\":\"Grupa Edukacyjna Stonoga w Lublinie\",\"description\":\"\",\"potentialAction\":[{\"@type\":\"SearchAction\",\"target\":{\"@type\":\"EntryPoint\",\"urlTemplate\":\"https:\/\/stonoga.lublin.pl\/pl\/?s={search_term_string}\"},\"query-input\":{\"@type\":\"PropertyValueSpecification\",\"valueRequired\":true,\"valueName\":\"search_term_string\"}}],\"inLanguage\":\"pl-PL\"},{\"@type\":\"Person\",\"@id\":\"https:\/\/stonoga.lublin.pl\/pl\/#\/schema\/person\/1b29956d0c3fd885abae5926cdd3beb6\",\"name\":\"AdminStonoga\",\"image\":{\"@type\":\"ImageObject\",\"inLanguage\":\"pl-PL\",\"@id\":\"https:\/\/stonoga.lublin.pl\/pl\/#\/schema\/person\/image\/\",\"url\":\"https:\/\/secure.gravatar.com\/avatar\/d745d9a36b2443c432906391c956b8c7b1c64d9ab3074197655c2e0fb9a3d316?s=96&d=mm&r=g\",\"contentUrl\":\"https:\/\/secure.gravatar.com\/avatar\/d745d9a36b2443c432906391c956b8c7b1c64d9ab3074197655c2e0fb9a3d316?s=96&d=mm&r=g\",\"caption\":\"AdminStonoga\"},\"url\":\"https:\/\/stonoga.lublin.pl\/pl\/author\/adminstonoga\/\"}]}<\/script>\n<!-- \/ Yoast SEO plugin. -->","yoast_head_json":{"title":"\ud83d\udcdaJak dobrze zaplanowa\u0107 nauk\u0119 ju\u017c od pocz\u0105tku roku? - Grupa Edukacyjna Stonoga w Lublinie","robots":{"index":"index","follow":"follow","max-snippet":"max-snippet:-1","max-image-preview":"max-image-preview:large","max-video-preview":"max-video-preview:-1"},"canonical":"https:\/\/stonoga.lublin.pl\/pl\/\ud83d\udcdajak-dobrze-zaplanowac-nauke-juz-od-poczatku-roku\/","og_locale":"pl_PL","og_type":"article","og_title":"\ud83d\udcdaJak dobrze zaplanowa\u0107 nauk\u0119 ju\u017c od pocz\u0105tku roku? - Grupa Edukacyjna Stonoga w Lublinie","og_description":"Pocz\u0105tek wrze\u015bnia to idealny moment, \u017ceby wprowadzi\u0107 ma\u0142e zmiany, kt\u00f3re p\u00f3\u017aniej zrobi\u0105 wielk\u0105 r\u00f3\u017cnic\u0119. Im szybciej z\u0142apiesz sw\u00f3j rytm, tym mniej stresu w trakcie roku! Planuj wcze\u015bniej \u2013 notatnik albo planer to Twoi najlepsi pomocnicy. Dziel du\u017ce zadania na ma\u0142e \u2013 \u0142atwiej przeczyta\u0107 jeden rozdzia\u0142 ni\u017c ca\u0142y podr\u0119cznik naraz. Ustal godziny nauki \u2013 m\u00f3zg lubi [&hellip;]","og_url":"https:\/\/stonoga.lublin.pl\/pl\/\ud83d\udcdajak-dobrze-zaplanowac-nauke-juz-od-poczatku-roku\/","og_site_name":"Grupa Edukacyjna Stonoga w Lublinie","article_published_time":"2025-09-10T10:08:07+00:00","article_modified_time":"2025-10-20T10:09:39+00:00","og_image":[{"url":"https:\/\/static.xx.fbcdn.net\/images\/emoji.php\/v9\/t3c\/1\/16\/1f4a1.png","type":"","width":"","height":""}],"author":"AdminStonoga","twitter_card":"summary_large_image","twitter_misc":{"Napisane przez":"AdminStonoga","Szacowany czas czytania":"3 minuty"},"schema":{"@context":"https:\/\/schema.org","@graph":[{"@type":"WebPage","@id":"https:\/\/stonoga.lublin.pl\/pl\/%f0%9f%93%9ajak-dobrze-zaplanowac-nauke-juz-od-poczatku-roku\/","url":"https:\/\/stonoga.lublin.pl\/pl\/%f0%9f%93%9ajak-dobrze-zaplanowac-nauke-juz-od-poczatku-roku\/","name":"\ud83d\udcdaJak dobrze zaplanowa\u0107 nauk\u0119 ju\u017c od pocz\u0105tku roku? - Grupa Edukacyjna Stonoga w Lublinie","isPartOf":{"@id":"https:\/\/stonoga.lublin.pl\/pl\/#website"},"primaryImageOfPage":{"@id":"https:\/\/stonoga.lublin.pl\/pl\/%f0%9f%93%9ajak-dobrze-zaplanowac-nauke-juz-od-poczatku-roku\/#primaryimage"},"image":{"@id":"https:\/\/stonoga.lublin.pl\/pl\/%f0%9f%93%9ajak-dobrze-zaplanowac-nauke-juz-od-poczatku-roku\/#primaryimage"},"thumbnailUrl":"https:\/\/static.xx.fbcdn.net\/images\/emoji.php\/v9\/t3c\/1\/16\/1f4a1.png","datePublished":"2025-09-10T10:08:07+00:00","dateModified":"2025-10-20T10:09:39+00:00","author":{"@id":"https:\/\/stonoga.lublin.pl\/pl\/#\/schema\/person\/1b29956d0c3fd885abae5926cdd3beb6"},"breadcrumb":{"@id":"https:\/\/stonoga.lublin.pl\/pl\/%f0%9f%93%9ajak-dobrze-zaplanowac-nauke-juz-od-poczatku-roku\/#breadcrumb"},"inLanguage":"pl-PL","potentialAction":[{"@type":"ReadAction","target":["https:\/\/stonoga.lublin.pl\/pl\/%f0%9f%93%9ajak-dobrze-zaplanowac-nauke-juz-od-poczatku-roku\/"]}]},{"@type":"ImageObject","inLanguage":"pl-PL","@id":"https:\/\/stonoga.lublin.pl\/pl\/%f0%9f%93%9ajak-dobrze-zaplanowac-nauke-juz-od-poczatku-roku\/#primaryimage","url":"https:\/\/static.xx.fbcdn.net\/images\/emoji.php\/v9\/t3c\/1\/16\/1f4a1.png","contentUrl":"https:\/\/static.xx.fbcdn.net\/images\/emoji.php\/v9\/t3c\/1\/16\/1f4a1.png"},{"@type":"BreadcrumbList","@id":"https:\/\/stonoga.lublin.pl\/pl\/%f0%9f%93%9ajak-dobrze-zaplanowac-nauke-juz-od-poczatku-roku\/#breadcrumb","itemListElement":[{"@type":"ListItem","position":1,"name":"Strona g\u0142\u00f3wna","item":"https:\/\/stonoga.lublin.pl\/pl\/"},{"@type":"ListItem","position":2,"name":"\ud83d\udcdaJak dobrze zaplanowa\u0107 nauk\u0119 ju\u017c od pocz\u0105tku roku?"}]},{"@type":"WebSite","@id":"https:\/\/stonoga.lublin.pl\/pl\/#website","url":"https:\/\/stonoga.lublin.pl\/pl\/","name":"Grupa Edukacyjna Stonoga w Lublinie","description":"","potentialAction":[{"@type":"SearchAction","target":{"@type":"EntryPoint","urlTemplate":"https:\/\/stonoga.lublin.pl\/pl\/?s={search_term_string}"},"query-input":{"@type":"PropertyValueSpecification","valueRequired":true,"valueName":"search_term_string"}}],"inLanguage":"pl-PL"},{"@type":"Person","@id":"https:\/\/stonoga.lublin.pl\/pl\/#\/schema\/person\/1b29956d0c3fd885abae5926cdd3beb6","name":"AdminStonoga","image":{"@type":"ImageObject","inLanguage":"pl-PL","@id":"https:\/\/stonoga.lublin.pl\/pl\/#\/schema\/person\/image\/","url":"https:\/\/secure.gravatar.com\/avatar\/d745d9a36b2443c432906391c956b8c7b1c64d9ab3074197655c2e0fb9a3d316?s=96&d=mm&r=g","contentUrl":"https:\/\/secure.gravatar.com\/avatar\/d745d9a36b2443c432906391c956b8c7b1c64d9ab3074197655c2e0fb9a3d316?s=96&d=mm&r=g","caption":"AdminStonoga"},"url":"https:\/\/stonoga.lublin.pl\/pl\/author\/adminstonoga\/"}]}},"_links":{"self":[{"href":"https:\/\/stonoga.lublin.pl\/pl\/wp-json\/wp\/v2\/posts\/2484","targetHints":{"allow":["GET"]}}],"collection":[{"href":"https:\/\/stonoga.lublin.pl\/pl\/wp-json\/wp\/v2\/posts"}],"about":[{"href":"https:\/\/stonoga.lublin.pl\/pl\/wp-json\/wp\/v2\/types\/post"}],"author":[{"embeddable":true,"href":"https:\/\/stonoga.lublin.pl\/pl\/wp-json\/wp\/v2\/users\/3"}],"replies":[{"embeddable":true,"href":"https:\/\/stonoga.lublin.pl\/pl\/wp-json\/wp\/v2\/comments?post=2484"}],"version-history":[{"count":1,"href":"https:\/\/stonoga.lublin.pl\/pl\/wp-json\/wp\/v2\/posts\/2484\/revisions"}],"predecessor-version":[{"id":2485,"href":"https:\/\/stonoga.lublin.pl\/pl\/wp-json\/wp\/v2\/posts\/2484\/revisions\/2485"}],"wp:attachment":[{"href":"https:\/\/stonoga.lublin.pl\/pl\/wp-json\/wp\/v2\/media?parent=2484"}],"wp:term":[{"taxonomy":"category","embeddable":true,"href":"https:\/\/stonoga.lublin.pl\/pl\/wp-json\/wp\/v2\/categories?post=2484"},{"taxonomy":"post_tag","embeddable":true,"href":"https:\/\/stonoga.lublin.pl\/pl\/wp-json\/wp\/v2\/tags?post=2484"}],"curies":[{"name":"wp","href":"https:\/\/api.w.org\/{rel}","templated":true}]}}