{"id":2490,"date":"2025-11-10T15:17:24","date_gmt":"2025-11-10T15:17:24","guid":{"rendered":"https:\/\/stonoga.lublin.pl\/pl\/?p=2490"},"modified":"2025-12-02T10:23:16","modified_gmt":"2025-12-02T10:23:16","slug":"dzien-niepodleglosci-w-naszej-szkole","status":"publish","type":"post","link":"https:\/\/stonoga.lublin.pl\/pl\/dzien-niepodleglosci-w-naszej-szkole\/","title":{"rendered":"Dzie\u0144 Niepodleg\u0142o\u015bci w naszej szkole!"},"content":{"rendered":"<div class=\"xdj266r x14z9mp xat24cr x1lziwak x1vvkbs\">\n<div dir=\"auto\"><span class=\"html-span xexx8yu xyri2b x18d9i69 x1c1uobl x1hl2dhg x16tdsg8 x1vvkbs x3nfvp2 x1j61x8r x1fcty0u xdj266r xat24cr xm2jcoa x1mpyi22 xxymvpz xlup9mm x1kky2od\"><img loading=\"lazy\" decoding=\"async\" class=\"xz74otr x15mokao x1ga7v0g x16uus16 xbiv7yw\" src=\"https:\/\/static.xx.fbcdn.net\/images\/emoji.php\/v9\/te0\/1\/16\/1f1f5_1f1f1.png\" alt=\"\ud83c\uddf5\ud83c\uddf1\" width=\"16\" height=\"16\" \/><\/span>\u00a011 listopada \u2013 Dzie\u0144 Niepodleg\u0142o\u015bci!\u00a0<span class=\"html-span xexx8yu xyri2b x18d9i69 x1c1uobl x1hl2dhg x16tdsg8 x1vvkbs x3nfvp2 x1j61x8r x1fcty0u xdj266r xat24cr xm2jcoa x1mpyi22 xxymvpz xlup9mm x1kky2od\"><img loading=\"lazy\" decoding=\"async\" class=\"xz74otr x15mokao x1ga7v0g x16uus16 xbiv7yw\" src=\"https:\/\/static.xx.fbcdn.net\/images\/emoji.php\/v9\/te0\/1\/16\/1f1f5_1f1f1.png\" alt=\"\ud83c\uddf5\ud83c\uddf1\" width=\"16\" height=\"16\" \/><\/span><\/div>\n<\/div>\n<div class=\"x14z9mp xat24cr x1lziwak x1vvkbs xtlvy1s\">\n<div dir=\"auto\">W\u00a0pi\u0105tek ca\u0142a nasza szkolna spo\u0142eczno\u015b\u0107 z rado\u015bci\u0105 \u015bwi\u0119towa\u0142a Narodowe \u015awi\u0119to Niepodleg\u0142o\u015bci. Podczas uroczystego apelu uczniowie przypomnieli nam, jak wa\u017cna jest wolno\u015b\u0107 i mi\u0142o\u015b\u0107 do Ojczyzny. Wsp\u00f3lnie od\u015bpiewali\u015bmy hymn narodowy, a bia\u0142o-czerwone barwy wype\u0142ni\u0142y nasz\u0105 szko\u0142\u0119.\u00a0<span class=\"html-span xexx8yu xyri2b x18d9i69 x1c1uobl x1hl2dhg x16tdsg8 x1vvkbs x3nfvp2 x1j61x8r x1fcty0u xdj266r xat24cr xm2jcoa x1mpyi22 xxymvpz xlup9mm x1kky2od\"><img loading=\"lazy\" decoding=\"async\" class=\"xz74otr x15mokao x1ga7v0g x16uus16 xbiv7yw\" src=\"https:\/\/static.xx.fbcdn.net\/images\/emoji.php\/v9\/t6c\/1\/16\/2764.png\" alt=\"\u2764\ufe0f\" width=\"16\" height=\"16\" \/><\/span><span class=\"html-span xexx8yu xyri2b x18d9i69 x1c1uobl x1hl2dhg x16tdsg8 x1vvkbs x3nfvp2 x1j61x8r x1fcty0u xdj266r xat24cr xm2jcoa x1mpyi22 xxymvpz xlup9mm x1kky2od\"><img loading=\"lazy\" decoding=\"async\" class=\"xz74otr x15mokao x1ga7v0g x16uus16 xbiv7yw\" src=\"https:\/\/static.xx.fbcdn.net\/images\/emoji.php\/v9\/tc5\/1\/16\/1f90d.png\" alt=\"\ud83e\udd0d\" width=\"16\" height=\"16\" \/><\/span><\/div>\n<\/div>\n<div class=\"x14z9mp xat24cr x1lziwak x1vvkbs xtlvy1s\">\n<div dir=\"auto\">To by\u0142 pi\u0119kny, wzruszaj\u0105cy dzie\u0144, pe\u0142en dumy i wsp\u00f3lnego \u015bwi\u0119towania!<\/div>\n<\/div>\n<div class=\"x14z9mp xat24cr x1lziwak x1vvkbs xtlvy1s\">\n<div dir=\"auto\"><span class=\"html-span xdj266r x14z9mp xat24cr x1lziwak xexx8yu xyri2b x18d9i69 x1c1uobl x1hl2dhg x16tdsg8 x1vvkbs\"><a class=\"x1i10hfl xjbqb8w x1ejq31n x18oe1m7 x1sy0etr xstzfhl x972fbf x10w94by x1qhh985 x14e42zd x9f619 x1ypdohk xt0psk2 x3ct3a4 xdj266r x14z9mp xat24cr x1lziwak xexx8yu xyri2b x18d9i69 x1c1uobl x16tdsg8 x1hl2dhg xggy1nq x1a2a7pz xkrqix3 x1sur9pj xzsf02u x1s688f\" tabindex=\"0\" role=\"link\" href=\"https:\/\/www.facebook.com\/watch\/hashtag\/%C5%9Bwi%C4%99toniepodleg%C5%82o%C5%9Bci?__eep__=6%2F&amp;__cft__[0]=AZVMY62PL3QMkj3GTkcoVf61Vrj21eV1eLRgCqYKwwPwTMDZkQwQlNMZzbeuHI2Ji3-q8C_um-22bGErCoKB2DFNgctu5yAzK_1JUPX1vLm79omfK-YCa4KeeeN6De4czND1EZGG62dT8sxTvMgmX8zWwMHAVXhCKYT-m_yUMrx_ZwtPRWEhtjEZ4MCmIBsbmGao_4IuGVZ7HcuAVgHNw5Fl&amp;__tn__=*NK-R\">#\u015awi\u0119toNiepodleg\u0142o\u015bci<\/a><\/span>\u00a0<span class=\"html-span xdj266r x14z9mp xat24cr x1lziwak xexx8yu xyri2b x18d9i69 x1c1uobl x1hl2dhg x16tdsg8 x1vvkbs\"><a class=\"x1i10hfl xjbqb8w x1ejq31n x18oe1m7 x1sy0etr xstzfhl x972fbf x10w94by x1qhh985 x14e42zd x9f619 x1ypdohk xt0psk2 x3ct3a4 xdj266r x14z9mp xat24cr x1lziwak xexx8yu xyri2b x18d9i69 x1c1uobl x16tdsg8 x1hl2dhg xggy1nq x1a2a7pz xkrqix3 x1sur9pj xzsf02u x1s688f\" tabindex=\"0\" role=\"link\" href=\"https:\/\/www.facebook.com\/watch\/hashtag\/11listopada?__eep__=6%2F&amp;__cft__[0]=AZVMY62PL3QMkj3GTkcoVf61Vrj21eV1eLRgCqYKwwPwTMDZkQwQlNMZzbeuHI2Ji3-q8C_um-22bGErCoKB2DFNgctu5yAzK_1JUPX1vLm79omfK-YCa4KeeeN6De4czND1EZGG62dT8sxTvMgmX8zWwMHAVXhCKYT-m_yUMrx_ZwtPRWEhtjEZ4MCmIBsbmGao_4IuGVZ7HcuAVgHNw5Fl&amp;__tn__=*NK-R\">#11listopada<\/a><\/span>\u00a0<span class=\"html-span xdj266r x14z9mp xat24cr x1lziwak xexx8yu xyri2b x18d9i69 x1c1uobl x1hl2dhg x16tdsg8 x1vvkbs\"><a class=\"x1i10hfl xjbqb8w x1ejq31n x18oe1m7 x1sy0etr xstzfhl x972fbf x10w94by x1qhh985 x14e42zd x9f619 x1ypdohk xt0psk2 x3ct3a4 xdj266r x14z9mp xat24cr x1lziwak xexx8yu xyri2b x18d9i69 x1c1uobl x16tdsg8 x1hl2dhg xggy1nq x1a2a7pz xkrqix3 x1sur9pj xzsf02u x1s688f\" tabindex=\"0\" role=\"link\" href=\"https:\/\/www.facebook.com\/watch\/hashtag\/kochamypolsk%C4%99?__eep__=6%2F&amp;__cft__[0]=AZVMY62PL3QMkj3GTkcoVf61Vrj21eV1eLRgCqYKwwPwTMDZkQwQlNMZzbeuHI2Ji3-q8C_um-22bGErCoKB2DFNgctu5yAzK_1JUPX1vLm79omfK-YCa4KeeeN6De4czND1EZGG62dT8sxTvMgmX8zWwMHAVXhCKYT-m_yUMrx_ZwtPRWEhtjEZ4MCmIBsbmGao_4IuGVZ7HcuAVgHNw5Fl&amp;__tn__=*NK-R\">#KochamyPolsk\u0119<\/a><\/span>\u00a0<span class=\"html-span xdj266r x14z9mp xat24cr x1lziwak xexx8yu xyri2b x18d9i69 x1c1uobl x1hl2dhg x16tdsg8 x1vvkbs\"><span class=\"html-span xdj266r x14z9mp xat24cr x1lziwak xexx8yu xyri2b x18d9i69 x1c1uobl x1hl2dhg x16tdsg8 x1vvkbs\"><a class=\"x1i10hfl xjbqb8w x1ejq31n x18oe1m7 x1sy0etr xstzfhl x972fbf x10w94by x1qhh985 x14e42zd x9f619 x1ypdohk xt0psk2 x3ct3a4 xdj266r x14z9mp xat24cr x1lziwak xexx8yu xyri2b x18d9i69 x1c1uobl x16tdsg8 x1hl2dhg xggy1nq x1a2a7pz xkrqix3 x1sur9pj xzsf02u x1s688f\" tabindex=\"0\" role=\"link\" href=\"https:\/\/www.facebook.com\/watch\/hashtag\/dumainiepodleg%C5%82o%C5%9B%C4%87?__eep__=6%2F&amp;__cft__[0]=AZVMY62PL3QMkj3GTkcoVf61Vrj21eV1eLRgCqYKwwPwTMDZkQwQlNMZzbeuHI2Ji3-q8C_um-22bGErCoKB2DFNgctu5yAzK_1JUPX1vLm79omfK-YCa4KeeeN6De4czND1EZGG62dT8sxTvMgmX8zWwMHAVXhCKYT-m_yUMrx_ZwtPRWEhtjEZ4MCmIBsbmGao_4IuGVZ7HcuAVgHNw5Fl&amp;__tn__=*NK-R\">#DumaINiepodleg\u0142o\u015b\u0107<\/a><\/span><\/span><div style=\"width: 1080px;\" class=\"wp-video\"><video class=\"wp-video-shortcode\" id=\"video-2490-1\" width=\"1080\" height=\"1920\" preload=\"metadata\" controls=\"controls\"><source type=\"video\/mp4\" src=\"https:\/\/stonoga.lublin.pl\/pl\/wp-content\/uploads\/2025\/12\/lv_7494964500190268725_20251202111203.mp4?_=1\" \/><a href=\"https:\/\/stonoga.lublin.pl\/pl\/wp-content\/uploads\/2025\/12\/lv_7494964500190268725_20251202111203.mp4\">https:\/\/stonoga.lublin.pl\/pl\/wp-content\/uploads\/2025\/12\/lv_7494964500190268725_20251202111203.mp4<\/a><\/video><\/div><\/p>\n<\/div>\n<\/div>\n","protected":false},"excerpt":{"rendered":"<p>\u00a011 listopada \u2013 Dzie\u0144 Niepodleg\u0142o\u015bci!\u00a0 W\u00a0pi\u0105tek ca\u0142a nasza szkolna spo\u0142eczno\u015b\u0107 z rado\u015bci\u0105 \u015bwi\u0119towa\u0142a Narodowe \u015awi\u0119to Niepodleg\u0142o\u015bci. Podczas uroczystego apelu uczniowie przypomnieli nam, jak wa\u017cna jest wolno\u015b\u0107 i mi\u0142o\u015b\u0107 do Ojczyzny. Wsp\u00f3lnie od\u015bpiewali\u015bmy hymn narodowy, a bia\u0142o-czerwone barwy wype\u0142ni\u0142y nasz\u0105 szko\u0142\u0119.\u00a0 To by\u0142 pi\u0119kny, wzruszaj\u0105cy dzie\u0144, pe\u0142en dumy i wsp\u00f3lnego \u015bwi\u0119towania! #\u015awi\u0119toNiepodleg\u0142o\u015bci\u00a0#11listopada\u00a0#KochamyPolsk\u0119\u00a0#DumaINiepodleg\u0142o\u015b\u0107<\/p>\n","protected":false},"author":3,"featured_media":0,"comment_status":"open","ping_status":"open","sticky":false,"template":"","format":"video","meta":{"_acf_changed":false,"_et_pb_use_builder":"","_et_pb_old_content":"","_et_gb_content_width":"","footnotes":""},"categories":[7,13,8,1],"tags":[],"class_list":["post-2490","post","type-post","status-publish","format-video","hentry","category-aktualnosci-strona-glowna","category-szkola","category-szkola-skala","category-uncategorized","post_format-post-format-video"],"acf":[],"yoast_head":"<!-- This site is optimized with the Yoast SEO plugin v24.6 - https:\/\/yoast.com\/wordpress\/plugins\/seo\/ -->\n<title>Dzie\u0144 Niepodleg\u0142o\u015bci w naszej szkole! - Grupa Edukacyjna Stonoga w Lublinie<\/title>\n<meta name=\"robots\" content=\"index, follow, max-snippet:-1, max-image-preview:large, max-video-preview:-1\" \/>\n<link rel=\"canonical\" href=\"https:\/\/stonoga.lublin.pl\/pl\/dzien-niepodleglosci-w-naszej-szkole\/\" \/>\n<meta property=\"og:locale\" content=\"pl_PL\" \/>\n<meta property=\"og:type\" content=\"article\" \/>\n<meta property=\"og:title\" content=\"Dzie\u0144 Niepodleg\u0142o\u015bci w naszej szkole! - Grupa Edukacyjna Stonoga w Lublinie\" \/>\n<meta property=\"og:description\" content=\"\u00a011 listopada \u2013 Dzie\u0144 Niepodleg\u0142o\u015bci!\u00a0 W\u00a0pi\u0105tek ca\u0142a nasza szkolna spo\u0142eczno\u015b\u0107 z rado\u015bci\u0105 \u015bwi\u0119towa\u0142a Narodowe \u015awi\u0119to Niepodleg\u0142o\u015bci. Podczas uroczystego apelu uczniowie przypomnieli nam, jak wa\u017cna jest wolno\u015b\u0107 i mi\u0142o\u015b\u0107 do Ojczyzny. Wsp\u00f3lnie od\u015bpiewali\u015bmy hymn narodowy, a bia\u0142o-czerwone barwy wype\u0142ni\u0142y nasz\u0105 szko\u0142\u0119.\u00a0 To by\u0142 pi\u0119kny, wzruszaj\u0105cy dzie\u0144, pe\u0142en dumy i wsp\u00f3lnego \u015bwi\u0119towania! #\u015awi\u0119toNiepodleg\u0142o\u015bci\u00a0#11listopada\u00a0#KochamyPolsk\u0119\u00a0#DumaINiepodleg\u0142o\u015b\u0107\" \/>\n<meta property=\"og:url\" content=\"https:\/\/stonoga.lublin.pl\/pl\/dzien-niepodleglosci-w-naszej-szkole\/\" \/>\n<meta property=\"og:site_name\" content=\"Grupa Edukacyjna Stonoga w Lublinie\" \/>\n<meta property=\"article:published_time\" content=\"2025-11-10T15:17:24+00:00\" \/>\n<meta property=\"article:modified_time\" content=\"2025-12-02T10:23:16+00:00\" \/>\n<meta property=\"og:image\" content=\"https:\/\/static.xx.fbcdn.net\/images\/emoji.php\/v9\/te0\/1\/16\/1f1f5_1f1f1.png\" \/>\n<meta name=\"author\" content=\"AdminStonoga\" \/>\n<meta name=\"twitter:card\" content=\"summary_large_image\" \/>\n<meta name=\"twitter:label1\" content=\"Napisane przez\" \/>\n\t<meta name=\"twitter:data1\" content=\"AdminStonoga\" \/>\n\t<meta name=\"twitter:label2\" content=\"Szacowany czas czytania\" \/>\n\t<meta name=\"twitter:data2\" content=\"2 minuty\" \/>\n<script type=\"application\/ld+json\" class=\"yoast-schema-graph\">{\"@context\":\"https:\/\/schema.org\",\"@graph\":[{\"@type\":\"WebPage\",\"@id\":\"https:\/\/stonoga.lublin.pl\/pl\/dzien-niepodleglosci-w-naszej-szkole\/\",\"url\":\"https:\/\/stonoga.lublin.pl\/pl\/dzien-niepodleglosci-w-naszej-szkole\/\",\"name\":\"Dzie\u0144 Niepodleg\u0142o\u015bci w naszej szkole! - Grupa Edukacyjna Stonoga w Lublinie\",\"isPartOf\":{\"@id\":\"https:\/\/stonoga.lublin.pl\/pl\/#website\"},\"primaryImageOfPage\":{\"@id\":\"https:\/\/stonoga.lublin.pl\/pl\/dzien-niepodleglosci-w-naszej-szkole\/#primaryimage\"},\"image\":{\"@id\":\"https:\/\/stonoga.lublin.pl\/pl\/dzien-niepodleglosci-w-naszej-szkole\/#primaryimage\"},\"thumbnailUrl\":\"https:\/\/static.xx.fbcdn.net\/images\/emoji.php\/v9\/te0\/1\/16\/1f1f5_1f1f1.png\",\"datePublished\":\"2025-11-10T15:17:24+00:00\",\"dateModified\":\"2025-12-02T10:23:16+00:00\",\"author\":{\"@id\":\"https:\/\/stonoga.lublin.pl\/pl\/#\/schema\/person\/1b29956d0c3fd885abae5926cdd3beb6\"},\"breadcrumb\":{\"@id\":\"https:\/\/stonoga.lublin.pl\/pl\/dzien-niepodleglosci-w-naszej-szkole\/#breadcrumb\"},\"inLanguage\":\"pl-PL\",\"potentialAction\":[{\"@type\":\"ReadAction\",\"target\":[\"https:\/\/stonoga.lublin.pl\/pl\/dzien-niepodleglosci-w-naszej-szkole\/\"]}]},{\"@type\":\"ImageObject\",\"inLanguage\":\"pl-PL\",\"@id\":\"https:\/\/stonoga.lublin.pl\/pl\/dzien-niepodleglosci-w-naszej-szkole\/#primaryimage\",\"url\":\"https:\/\/static.xx.fbcdn.net\/images\/emoji.php\/v9\/te0\/1\/16\/1f1f5_1f1f1.png\",\"contentUrl\":\"https:\/\/static.xx.fbcdn.net\/images\/emoji.php\/v9\/te0\/1\/16\/1f1f5_1f1f1.png\"},{\"@type\":\"BreadcrumbList\",\"@id\":\"https:\/\/stonoga.lublin.pl\/pl\/dzien-niepodleglosci-w-naszej-szkole\/#breadcrumb\",\"itemListElement\":[{\"@type\":\"ListItem\",\"position\":1,\"name\":\"Strona g\u0142\u00f3wna\",\"item\":\"https:\/\/stonoga.lublin.pl\/pl\/\"},{\"@type\":\"ListItem\",\"position\":2,\"name\":\"Dzie\u0144 Niepodleg\u0142o\u015bci w naszej szkole!\"}]},{\"@type\":\"WebSite\",\"@id\":\"https:\/\/stonoga.lublin.pl\/pl\/#website\",\"url\":\"https:\/\/stonoga.lublin.pl\/pl\/\",\"name\":\"Grupa Edukacyjna Stonoga w Lublinie\",\"description\":\"\",\"potentialAction\":[{\"@type\":\"SearchAction\",\"target\":{\"@type\":\"EntryPoint\",\"urlTemplate\":\"https:\/\/stonoga.lublin.pl\/pl\/?s={search_term_string}\"},\"query-input\":{\"@type\":\"PropertyValueSpecification\",\"valueRequired\":true,\"valueName\":\"search_term_string\"}}],\"inLanguage\":\"pl-PL\"},{\"@type\":\"Person\",\"@id\":\"https:\/\/stonoga.lublin.pl\/pl\/#\/schema\/person\/1b29956d0c3fd885abae5926cdd3beb6\",\"name\":\"AdminStonoga\",\"image\":{\"@type\":\"ImageObject\",\"inLanguage\":\"pl-PL\",\"@id\":\"https:\/\/stonoga.lublin.pl\/pl\/#\/schema\/person\/image\/\",\"url\":\"https:\/\/secure.gravatar.com\/avatar\/d745d9a36b2443c432906391c956b8c7b1c64d9ab3074197655c2e0fb9a3d316?s=96&d=mm&r=g\",\"contentUrl\":\"https:\/\/secure.gravatar.com\/avatar\/d745d9a36b2443c432906391c956b8c7b1c64d9ab3074197655c2e0fb9a3d316?s=96&d=mm&r=g\",\"caption\":\"AdminStonoga\"},\"url\":\"https:\/\/stonoga.lublin.pl\/pl\/author\/adminstonoga\/\"}]}<\/script>\n<!-- \/ Yoast SEO plugin. -->","yoast_head_json":{"title":"Dzie\u0144 Niepodleg\u0142o\u015bci w naszej szkole! - Grupa Edukacyjna Stonoga w Lublinie","robots":{"index":"index","follow":"follow","max-snippet":"max-snippet:-1","max-image-preview":"max-image-preview:large","max-video-preview":"max-video-preview:-1"},"canonical":"https:\/\/stonoga.lublin.pl\/pl\/dzien-niepodleglosci-w-naszej-szkole\/","og_locale":"pl_PL","og_type":"article","og_title":"Dzie\u0144 Niepodleg\u0142o\u015bci w naszej szkole! - Grupa Edukacyjna Stonoga w Lublinie","og_description":"\u00a011 listopada \u2013 Dzie\u0144 Niepodleg\u0142o\u015bci!\u00a0 W\u00a0pi\u0105tek ca\u0142a nasza szkolna spo\u0142eczno\u015b\u0107 z rado\u015bci\u0105 \u015bwi\u0119towa\u0142a Narodowe \u015awi\u0119to Niepodleg\u0142o\u015bci. Podczas uroczystego apelu uczniowie przypomnieli nam, jak wa\u017cna jest wolno\u015b\u0107 i mi\u0142o\u015b\u0107 do Ojczyzny. Wsp\u00f3lnie od\u015bpiewali\u015bmy hymn narodowy, a bia\u0142o-czerwone barwy wype\u0142ni\u0142y nasz\u0105 szko\u0142\u0119.\u00a0 To by\u0142 pi\u0119kny, wzruszaj\u0105cy dzie\u0144, pe\u0142en dumy i wsp\u00f3lnego \u015bwi\u0119towania! #\u015awi\u0119toNiepodleg\u0142o\u015bci\u00a0#11listopada\u00a0#KochamyPolsk\u0119\u00a0#DumaINiepodleg\u0142o\u015b\u0107","og_url":"https:\/\/stonoga.lublin.pl\/pl\/dzien-niepodleglosci-w-naszej-szkole\/","og_site_name":"Grupa Edukacyjna Stonoga w Lublinie","article_published_time":"2025-11-10T15:17:24+00:00","article_modified_time":"2025-12-02T10:23:16+00:00","og_image":[{"url":"https:\/\/static.xx.fbcdn.net\/images\/emoji.php\/v9\/te0\/1\/16\/1f1f5_1f1f1.png","type":"","width":"","height":""}],"author":"AdminStonoga","twitter_card":"summary_large_image","twitter_misc":{"Napisane przez":"AdminStonoga","Szacowany czas czytania":"2 minuty"},"schema":{"@context":"https:\/\/schema.org","@graph":[{"@type":"WebPage","@id":"https:\/\/stonoga.lublin.pl\/pl\/dzien-niepodleglosci-w-naszej-szkole\/","url":"https:\/\/stonoga.lublin.pl\/pl\/dzien-niepodleglosci-w-naszej-szkole\/","name":"Dzie\u0144 Niepodleg\u0142o\u015bci w naszej szkole! - Grupa Edukacyjna Stonoga w Lublinie","isPartOf":{"@id":"https:\/\/stonoga.lublin.pl\/pl\/#website"},"primaryImageOfPage":{"@id":"https:\/\/stonoga.lublin.pl\/pl\/dzien-niepodleglosci-w-naszej-szkole\/#primaryimage"},"image":{"@id":"https:\/\/stonoga.lublin.pl\/pl\/dzien-niepodleglosci-w-naszej-szkole\/#primaryimage"},"thumbnailUrl":"https:\/\/static.xx.fbcdn.net\/images\/emoji.php\/v9\/te0\/1\/16\/1f1f5_1f1f1.png","datePublished":"2025-11-10T15:17:24+00:00","dateModified":"2025-12-02T10:23:16+00:00","author":{"@id":"https:\/\/stonoga.lublin.pl\/pl\/#\/schema\/person\/1b29956d0c3fd885abae5926cdd3beb6"},"breadcrumb":{"@id":"https:\/\/stonoga.lublin.pl\/pl\/dzien-niepodleglosci-w-naszej-szkole\/#breadcrumb"},"inLanguage":"pl-PL","potentialAction":[{"@type":"ReadAction","target":["https:\/\/stonoga.lublin.pl\/pl\/dzien-niepodleglosci-w-naszej-szkole\/"]}]},{"@type":"ImageObject","inLanguage":"pl-PL","@id":"https:\/\/stonoga.lublin.pl\/pl\/dzien-niepodleglosci-w-naszej-szkole\/#primaryimage","url":"https:\/\/static.xx.fbcdn.net\/images\/emoji.php\/v9\/te0\/1\/16\/1f1f5_1f1f1.png","contentUrl":"https:\/\/static.xx.fbcdn.net\/images\/emoji.php\/v9\/te0\/1\/16\/1f1f5_1f1f1.png"},{"@type":"BreadcrumbList","@id":"https:\/\/stonoga.lublin.pl\/pl\/dzien-niepodleglosci-w-naszej-szkole\/#breadcrumb","itemListElement":[{"@type":"ListItem","position":1,"name":"Strona g\u0142\u00f3wna","item":"https:\/\/stonoga.lublin.pl\/pl\/"},{"@type":"ListItem","position":2,"name":"Dzie\u0144 Niepodleg\u0142o\u015bci w naszej szkole!"}]},{"@type":"WebSite","@id":"https:\/\/stonoga.lublin.pl\/pl\/#website","url":"https:\/\/stonoga.lublin.pl\/pl\/","name":"Grupa Edukacyjna Stonoga w Lublinie","description":"","potentialAction":[{"@type":"SearchAction","target":{"@type":"EntryPoint","urlTemplate":"https:\/\/stonoga.lublin.pl\/pl\/?s={search_term_string}"},"query-input":{"@type":"PropertyValueSpecification","valueRequired":true,"valueName":"search_term_string"}}],"inLanguage":"pl-PL"},{"@type":"Person","@id":"https:\/\/stonoga.lublin.pl\/pl\/#\/schema\/person\/1b29956d0c3fd885abae5926cdd3beb6","name":"AdminStonoga","image":{"@type":"ImageObject","inLanguage":"pl-PL","@id":"https:\/\/stonoga.lublin.pl\/pl\/#\/schema\/person\/image\/","url":"https:\/\/secure.gravatar.com\/avatar\/d745d9a36b2443c432906391c956b8c7b1c64d9ab3074197655c2e0fb9a3d316?s=96&d=mm&r=g","contentUrl":"https:\/\/secure.gravatar.com\/avatar\/d745d9a36b2443c432906391c956b8c7b1c64d9ab3074197655c2e0fb9a3d316?s=96&d=mm&r=g","caption":"AdminStonoga"},"url":"https:\/\/stonoga.lublin.pl\/pl\/author\/adminstonoga\/"}]}},"_links":{"self":[{"href":"https:\/\/stonoga.lublin.pl\/pl\/wp-json\/wp\/v2\/posts\/2490","targetHints":{"allow":["GET"]}}],"collection":[{"href":"https:\/\/stonoga.lublin.pl\/pl\/wp-json\/wp\/v2\/posts"}],"about":[{"href":"https:\/\/stonoga.lublin.pl\/pl\/wp-json\/wp\/v2\/types\/post"}],"author":[{"embeddable":true,"href":"https:\/\/stonoga.lublin.pl\/pl\/wp-json\/wp\/v2\/users\/3"}],"replies":[{"embeddable":true,"href":"https:\/\/stonoga.lublin.pl\/pl\/wp-json\/wp\/v2\/comments?post=2490"}],"version-history":[{"count":1,"href":"https:\/\/stonoga.lublin.pl\/pl\/wp-json\/wp\/v2\/posts\/2490\/revisions"}],"predecessor-version":[{"id":2491,"href":"https:\/\/stonoga.lublin.pl\/pl\/wp-json\/wp\/v2\/posts\/2490\/revisions\/2491"}],"wp:attachment":[{"href":"https:\/\/stonoga.lublin.pl\/pl\/wp-json\/wp\/v2\/media?parent=2490"}],"wp:term":[{"taxonomy":"category","embeddable":true,"href":"https:\/\/stonoga.lublin.pl\/pl\/wp-json\/wp\/v2\/categories?post=2490"},{"taxonomy":"post_tag","embeddable":true,"href":"https:\/\/stonoga.lublin.pl\/pl\/wp-json\/wp\/v2\/tags?post=2490"}],"curies":[{"name":"wp","href":"https:\/\/api.w.org\/{rel}","templated":true}]}}